{"id":4068,"date":"2009-05-11T00:00:00","date_gmt":"2009-05-10T22:00:00","guid":{"rendered":"https:\/\/wp.muchomaas.com\/elections-europeennes-1004068\/"},"modified":"2009-05-11T00:00:00","modified_gmt":"2009-05-10T22:00:00","slug":"elections-europeennes-1004068","status":"publish","type":"post","link":"https:\/\/archives.regards.fr\/?p=4068","title":{"rendered":"\u00c9lections europ\u00e9ennes : 100 organisations des soci\u00e9t\u00e9s civiles en Europe et en Afrique se mobilisent pour exiger une autre politique migratoire"},"content":{"rendered":"<p>\u00c9lections europ\u00e9ennes : 100 organisations des soci\u00e9t\u00e9s civiles en Europe et en Afrique se mobilisent pour exiger une autre politique migratoire<\/p>\n<p>conf\u00e9rence de presse : jeudi 14 mai 2009 \u00e0 10h<\/p>\n<p>288 bd Saint-Germain, 75007 Paris (M\u00b0 Assembl\u00e9e Nationale). <\/p>\n<p>Pr\u00e9sentation du manifeste envoy\u00e9 aux candidats aux \u00e9lections europ\u00e9ennes et des journ\u00e9es d&#8217;action europ\u00e9ennes pour les droits des migrants, SAMEDI 16 et DIMANCHE 17 MAI 2009.<\/p>\n<p>avec<\/p>\n<p>&#8211; Sonia LOKKU, responsable du p\u00f4le Solidarit\u00e9s internationales de La Cimade, membre du CRID (France)<\/p>\n<p>&#8211; Jean ROUSSEAU, pr\u00e9sident d&#8217;Emma\u00fcs International (France)<\/p>\n<p>&#8211; Alessandra CAPODANNO, charg\u00e9e de programme Immigration, ARCI (Italie), membre de  MIGREUROP<\/p>\n<p>&#8211; Badara NDAYIE, coordinateur du programme Migrations, ENDA DIAPOL (S\u00e9n\u00e9gal)<\/p>\n<p>&#8211; Hicham RACHIDI, pr\u00e9sident du GADEM (Maroc)<\/p>\n<p>&#8211; Carlos SANCHIS DE ANDRES, ACSUR-Las Segovias (Espagne)<\/p>\n<p>Les acteurs de la soci\u00e9t\u00e9 civile se mobilisent en Europe et en Afrique pour placer le respect de la justice, des droits et de la dignit\u00e9 humaine au c\u0153ur de politiques alternatives en mati\u00e8re de migration et de d\u00e9veloppement.<\/p>\n<p>Les migrations sont un ph\u00e9nom\u00e8ne ancien et constituent un apport social, culturel et \u00e9conomique inestimable. L&#8217;Union europ\u00e9enne pourtant, continue de s&#8217;enfermer dans une vision r\u00e9pressive, euro-centr\u00e9e et r\u00e9ductrice des migrations qui s&#8217;illustre notamment dans l&#8217;doption de la directive retour et le pacte europ\u00e9en sur l&#8217;immigration et l&#8217;asile. Contr\u00f4le des fronti\u00e8res et chasse aux sans-papiers, sont devenus les mots d&#8217;ordre de la plupart des politiques migratoires dans l&#8217;UE. L&#8217;\u00e9tranger est un bouc \u00e9missaire tout trouv\u00e9 pour attirer les votes des partis extr\u00e9mistes et faire oublier les \u00e9checs des politiques \u00e9conomiques et sociales. Cette politique migratoire est contraire aux principes dont se r\u00e9clame l&#8217;Union europ\u00e9enne : paix, d\u00e9mocratie, solidarit\u00e9, justice, respect des droits humains et libre circulation.<\/p>\n<p>Le document commun de plaidoyer \u00e0 destination des candidats aux \u00e9lections europ\u00e9ennes : http:\/\/www.despontspasdesmurs.org\/spip.php?rubrique24<\/p>\n<p>Les 70 recommandations \u00ab Des ponts, pas des murs ! \u00bb issues du Sommet Citoyen sur les Migrations :<\/p>\n<p>http:\/\/www.despontspasdesmurs.org\/spip.php?rubrique21<\/p>\n<p>Toutes les informations sur: www.despontspasdesmurs.org <\/p>\n<p>DES PONTS PAS DES MURS ! <\/p>\n<p>R\u00e9seau de plus de 300 organisations euro-africaines mobilis\u00e9es sur les th\u00e8mes des migrations et du d\u00e9veloppement, \u00ab Des Ponts Pas Des Murs ! \u00bb est \u00e0 l&#8217;origine du Sommet Citoyen sur les Migrations ? 17 et 18 octobre 2008 \u00e0 Paris ? o\u00f9 ont \u00e9t\u00e9 \u00e9labor\u00e9es 70 recommandations. Pr\u00e9sent au Forum Social Mondial de Bel\u00e9m en janvier 2009, le r\u00e9seau poursuit sa mobilisation.<\/p>\n","protected":false},"excerpt":{"rendered":"<p>\u00c9lections europ\u00e9ennes : 100 organisations des soci\u00e9t\u00e9s civiles en Europe et en Afrique se mobilisent pour exiger une autre politique migratoire conf\u00e9rence de presse : jeudi 14 mai 2009 \u00e0 10h 288 bd Saint-Germain, 75007 Paris (M\u00b0 Assembl\u00e9e Nationale). Pr\u00e9sentation du manifeste envoy\u00e9 aux candidats aux \u00e9lections europ\u00e9ennes et des journ\u00e9es d&#8217;action europ\u00e9ennes pour les [&hellip;]<\/p>\n","protected":false},"author":1,"featured_media":0,"comment_status":"open","ping_status":"open","sticky":false,"template":"","format":"standard","meta":{"_themeisle_gutenberg_block_has_review":false,"footnotes":""},"categories":[141],"tags":[290],"class_list":["post-4068","post","type-post","status-publish","format-standard","hentry","category-archives-web","tag-elections"],"_links":{"self":[{"href":"https:\/\/archives.regards.fr\/index.php?rest_route=\/wp\/v2\/posts\/4068","targetHints":{"allow":["GET"]}}],"collection":[{"href":"https:\/\/archives.regards.fr\/index.php?rest_route=\/wp\/v2\/posts"}],"about":[{"href":"https:\/\/archives.regards.fr\/index.php?rest_route=\/wp\/v2\/types\/post"}],"author":[{"embeddable":true,"href":"https:\/\/archives.regards.fr\/index.php?rest_route=\/wp\/v2\/users\/1"}],"replies":[{"embeddable":true,"href":"https:\/\/archives.regards.fr\/index.php?rest_route=%2Fwp%2Fv2%2Fcomments&post=4068"}],"version-history":[{"count":0,"href":"https:\/\/archives.regards.fr\/index.php?rest_route=\/wp\/v2\/posts\/4068\/revisions"}],"wp:attachment":[{"href":"https:\/\/archives.regards.fr\/index.php?rest_route=%2Fwp%2Fv2%2Fmedia&parent=4068"}],"wp:term":[{"taxonomy":"category","embeddable":true,"href":"https:\/\/archives.regards.fr\/index.php?rest_route=%2Fwp%2Fv2%2Fcategories&post=4068"},{"taxonomy":"post_tag","embeddable":true,"href":"https:\/\/archives.regards.fr\/index.php?rest_route=%2Fwp%2Fv2%2Ftags&post=4068"}],"curies":[{"name":"wp","href":"https:\/\/api.w.org\/{rel}","templated":true}]}}