{"id":4038,"date":"2009-04-06T00:00:00","date_gmt":"2009-04-05T22:00:00","guid":{"rendered":"https:\/\/wp.muchomaas.com\/elections-europeennes-2009-les-ong4038\/"},"modified":"2009-04-06T00:00:00","modified_gmt":"2009-04-05T22:00:00","slug":"elections-europeennes-2009-les-ong4038","status":"publish","type":"post","link":"https:\/\/archives.regards.fr\/?p=4038","title":{"rendered":"Elections europ\u00e9ennes 2009 : Les ONG appellent \u00e0 une Europe responsable et solidaire dans le monde!"},"content":{"rendered":"<p>Paris, le 6 avril 2009 &#8211; Les ONG fran\u00e7aises de solidarit\u00e9 internationale regroup\u00e9es au sein de Coordination SUD lancent leur mobilisation \u00ab Votons pour une Europe responsable et solidaire dans le monde ! \u00bb, en vue des \u00e9lections europ\u00e9ennes de juin 2009. Elles demandent aux partis politiques et aux candidats de s&#8217;engager sur 3 axes forts, en faveur d&#8217;une Europe solidaire, coh\u00e9rente et d\u00e9mocratique. De l&#8217;aide publique au d\u00e9veloppement en passant par l&#8217;agriculture, le climat ou l&#8217;\u00e9galit\u00e9 homme-femme, 60 demandes sont ainsi formul\u00e9es par les ONG dans leur Manifeste, document de r\u00e9f\u00e9rence de cette mobilisation. <\/p>\n<p>En juin 2009, les citoyens europ\u00e9ens \u00e9liront leurs repr\u00e9sentant(e)s au Parlement europ\u00e9en dans un contexte international de crise sociale, \u00e9conomique et financi\u00e8re. A l&#8217;heure d&#8217;un monde globalis\u00e9 et interd\u00e9pendant, Coordination SUD estime que les Europ\u00e9ens doivent soutenir les populations marginalis\u00e9es dans les pays en d\u00e9veloppement. Selon Jean-Louis Vielajus, pr\u00e9sident de Coordination SUD, \u00ab L&#8217;Europe ne sortira pas de la crise en reniant ses engagements d&#8217;aide au d\u00e9veloppement. Au contraire, les citoyens s&#8217;attendent \u00e0 ce qu&#8217;elle renforce son partenariat et sa solidarit\u00e9 avec les pays pauvres \u00bb.<\/p>\n<p>Ainsi, pendant 2 mois et dans toute la France, Coordination SUD aux c\u00f4t\u00e9s des collectifs r\u00e9gionaux d&#8217;associations de solidarit\u00e9 internationale, ira \u00e0 la rencontre des partis politiques et des candidats aux \u00e9lections afin de les inciter \u00e0 promouvoir la solidarit\u00e9 Nord &#8211; Sud au sein des instances europ\u00e9ennes. <\/p>\n<p>Dot\u00e9e de son Manifeste et de sa Charte reprenant les principales demandes du texte de r\u00e9f\u00e9rence, Coordination SUD veillera \u00e0 r\u00e9colter la signature des candidats, gage de leur engagement fort et r\u00e9el en faveur d&#8217;une Europe responsable et solidaire dans le monde, tout au long de la l\u00e9gislature 2009- 2014. <\/p>\n<p>Au terme d&#8217;une rencontre avec le Parti Socialiste, le 27 mars dernier, deux de ses t\u00eates de liste : Harlem D\u00e9sir, pour la r\u00e9gion Ile-de-France et Henri Weber, pour la r\u00e9gion Centre, ont sign\u00e9 la Charte de Coordination SUD. <\/p>\n<p>Les rendez-vous sont pris avec les autres principaux partis politiques et les candidats. Nous esp\u00e9rons qu&#8217;ils saisiront tout l&#8217;enjeu de maintenir une aide soutenue envers les pays les plus pauvres. Il y va de la stabilit\u00e9 des pays europ\u00e9ens mais aussi et surtout des conditions de vie de millions de personnes vivant dans les pays en d\u00e9veloppement.   <\/p>\n<p>De dimension nationale et r\u00e9gionale, cette mobilisation rev\u00eat \u00e9galement une dimension europ\u00e9enne. Elle s&#8217;inscrit dans le cadre de la campagne europ\u00e9enne men\u00e9e par la Conf\u00e9d\u00e9ration Europ\u00e9enne des ONG d&#8217;urgence et de d\u00e9veloppement (CONCORD), dont est membre Coordination SUD et qui repr\u00e9sente 1 600 ONG europ\u00e9ennes aupr\u00e8s de l&#8217;Union europ\u00e9enne.<\/p>\n<p>Informations compl\u00e9mentaires : www.coordinationsud.org<\/p>\n<p>Coordination SUD : Solidarit\u00e9 Urgence D\u00e9veloppement est la coordination nationale des ONG fran\u00e7aises de solidarit\u00e9 internationale. Fond\u00e9e en 1994, elle rassemble aujourd&#8217;hui six collectifs d&#8217;ONG (CLONG-Volontariat, CNAJEP, Coordination d&#8217;Agen, CRID, FORIM, Groupe Initiatives) et plus de 130 ONG qui m\u00e8nent des actions humanitaires d&#8217;urgence, d&#8217;aide au d\u00e9veloppement, de protection de l&#8217;environnement, de d\u00e9fense des droits humains aupr\u00e8s des populations d\u00e9favoris\u00e9es et aussi des actions d&#8217;\u00e9ducation \u00e0 la solidarit\u00e9 internationale et de plaidoyer.<\/p>\n<p>Le niveau de l&#8217;aide fran\u00e7aise a en effet atteint pr\u00e8s de 7,6 milliards d&#8217;euros en 2008, apr\u00e8s une tr\u00e8s forte chute en 2007. Rapport\u00e9 au Revenu national brut (RNB), l&#8217;APD fran\u00e7aise a augment\u00e9 de 0,01 point en 2008, pour atteindre 0,39%.<\/p>\n","protected":false},"excerpt":{"rendered":"<p>Paris, le 6 avril 2009 &#8211; Les ONG fran\u00e7aises de solidarit\u00e9 internationale regroup\u00e9es au sein de Coordination SUD lancent leur mobilisation \u00ab Votons pour une Europe responsable et solidaire dans le monde ! \u00bb, en vue des \u00e9lections europ\u00e9ennes de juin 2009. Elles demandent aux partis politiques et aux candidats de s&#8217;engager sur 3 axes [&hellip;]<\/p>\n","protected":false},"author":1,"featured_media":0,"comment_status":"open","ping_status":"open","sticky":false,"template":"","format":"standard","meta":{"_themeisle_gutenberg_block_has_review":false,"footnotes":""},"categories":[141],"tags":[290],"class_list":["post-4038","post","type-post","status-publish","format-standard","hentry","category-archives-web","tag-elections"],"_links":{"self":[{"href":"https:\/\/archives.regards.fr\/index.php?rest_route=\/wp\/v2\/posts\/4038","targetHints":{"allow":["GET"]}}],"collection":[{"href":"https:\/\/archives.regards.fr\/index.php?rest_route=\/wp\/v2\/posts"}],"about":[{"href":"https:\/\/archives.regards.fr\/index.php?rest_route=\/wp\/v2\/types\/post"}],"author":[{"embeddable":true,"href":"https:\/\/archives.regards.fr\/index.php?rest_route=\/wp\/v2\/users\/1"}],"replies":[{"embeddable":true,"href":"https:\/\/archives.regards.fr\/index.php?rest_route=%2Fwp%2Fv2%2Fcomments&post=4038"}],"version-history":[{"count":0,"href":"https:\/\/archives.regards.fr\/index.php?rest_route=\/wp\/v2\/posts\/4038\/revisions"}],"wp:attachment":[{"href":"https:\/\/archives.regards.fr\/index.php?rest_route=%2Fwp%2Fv2%2Fmedia&parent=4038"}],"wp:term":[{"taxonomy":"category","embeddable":true,"href":"https:\/\/archives.regards.fr\/index.php?rest_route=%2Fwp%2Fv2%2Fcategories&post=4038"},{"taxonomy":"post_tag","embeddable":true,"href":"https:\/\/archives.regards.fr\/index.php?rest_route=%2Fwp%2Fv2%2Ftags&post=4038"}],"curies":[{"name":"wp","href":"https:\/\/api.w.org\/{rel}","templated":true}]}}