{"id":4037,"date":"2009-04-04T00:00:00","date_gmt":"2009-04-03T22:00:00","guid":{"rendered":"https:\/\/wp.muchomaas.com\/femmes-etrangeres-et-violences-au4037\/"},"modified":"2009-04-04T00:00:00","modified_gmt":"2009-04-03T22:00:00","slug":"femmes-etrangeres-et-violences-au4037","status":"publish","type":"post","link":"https:\/\/archives.regards.fr\/?p=4037","title":{"rendered":"Femmes \u00e9trang\u00e8res et  violences au quotidien"},"content":{"rendered":"<p>COMMUNIQU\u00c9 DE PRESSE &#8211; ASSOCIATION GRIS\u00c9LIDIS- Le 3 avril 2009<\/p>\n<p>En tant qu&#8217;association intervenant pour l&#8217;acc\u00e8s \u00e0 la sant\u00e9 et aux droits avec les personnes prostitu\u00e9es depuis 10 ans, nous tenons \u00e0 vous informer d&#8217;une situation inadmissible \u00e0 laquelle nous sommes confront\u00e9es. Encore une fois, les forces de l&#8217;ordre prennent le pr\u00e9texte de la lutte contre le prox\u00e9n\u00e9tisme pour faire la chasse aux sans-papierEs, et laissent courir les agresseurs ! <\/p>\n<p>Depuis plusieurs jours, un groupe de deux hommes et une femme ont pris l&#8217;habitude de harceler et tenter de racketter un groupe de femmes migrantes \u00e0 Toulouse. Dans la nuit du mercredi 1er avril au jeudi 2 avril 2009, l&#8217;une d&#8217;elles, m\u00e8re d&#8217;un enfant scolaris\u00e9 \u00e0 Toulouse, a \u00e9t\u00e9 rackett\u00e9e, agress\u00e9e et gaz\u00e9e par ce groupe de personnes la mena\u00e7ant de la mettre sur trottoir. Plusieurs brigades de polices sont intervenues, l&#8217;une d&#8217;elles a contr\u00f4l\u00e9 les papiers de la victime et a profit\u00e9 de la situation pour l&#8217;arr\u00eater. Cette femme est actuellement au centre de r\u00e9tention. Les agresseurs, quand \u00e0 eux, se sont enfuis, n&#8217;ont pas \u00e9t\u00e9 inqui\u00e9t\u00e9s et continuent toujours de s\u00e9vir.<\/p>\n<p>Pourtant, le 15 janvier 2008, lors d&#8217;un entretien au Minist\u00e8re de l&#8217;int\u00e9rieur, \u00e0 propos des cons\u00e9quences d\u00e9sastreuses de la LSI (Lois sur la S\u00e9curit\u00e9 Int\u00e9rieur, p\u00e9nalisant le racolage de 3 mois de prison et de 3750? d&#8217;amende) entre le collectif \u00ab Droits et Prostitution \u00bb[1]  et M Dupuch, Chef de la s\u00e9curit\u00e9 urbaine, celui-ci affirmait : \u00ab Les consignes que nous envoyons aux services de police sont claires, le statut de victime pr\u00e9vaudra toujours sur le statut administratif des personnes \u00bb.<\/p>\n<p>Par ailleurs, nous constatons depuis plusieurs semaines, une explosion des violences physiques sur le territoire prostitutionnel toulousain : une femme a \u00e9t\u00e9 poignard\u00e9e \u00e0 la gorge le 31 mars 2009, des femmes sont victimes de vol \u00e0 la tire de plus en plus souvent et de plus en plus violement, une femmes a \u00e9t\u00e9 tra\u00een\u00e9e derri\u00e8re une moto sur plusieurs m\u00e8tres, et aujourd&#8217;hui cette jeune femmes est victime de tentative de prox\u00e9n\u00e9tisme, d&#8217;agression physique et elle se fait arr\u00eater sur le lieu de l&#8217;agression pour d\u00e9faut de papier !<\/p>\n<p>Nous d\u00e9plorons ces violences mais nous d\u00e9plorons d&#8217;autant plus les violences institutionnelles et polici\u00e8res qui accroissent le sentiment d&#8217;injustice et inflige une double peine \u00e0 des femmes migrantes d\u00e9j\u00e0 largement pr\u00e9caris\u00e9es, stigmatis\u00e9es, discrimin\u00e9es, et victimes de violences. La r\u00e9pression des migrantEs sera toujours le socle de leur exploitation et du prox\u00e9n\u00e9tisme !<\/p>\n<p>L&#8217;association Gris\u00e9lidis appelle donc \u00e0 un rassemblement de soutien<\/p>\n<p> SAMEDI 4 AVRIL \u00e0 14h <\/p>\n<p>devant le Tribunal de Grande Instance (2 All\u00e9es Jules Gu\u00e8des)<\/p>\n<p> La victime passera devant le Juge des Libert\u00e9s et de la D\u00e9tention en salle 3<\/p>\n<p>[1]   Collectif d&#8217;associations et d&#8217;individus pour la d\u00e9fense des droits et la promotion de la sant\u00e9 des prostitu\u00e9Es.<\/p>\n","protected":false},"excerpt":{"rendered":"<p>COMMUNIQU\u00c9 DE PRESSE &#8211; ASSOCIATION GRIS\u00c9LIDIS- Le 3 avril 2009 En tant qu&#8217;association intervenant pour l&#8217;acc\u00e8s \u00e0 la sant\u00e9 et aux droits avec les personnes prostitu\u00e9es depuis 10 ans, nous tenons \u00e0 vous informer d&#8217;une situation inadmissible \u00e0 laquelle nous sommes confront\u00e9es. Encore une fois, les forces de l&#8217;ordre prennent le pr\u00e9texte de la lutte [&hellip;]<\/p>\n","protected":false},"author":1,"featured_media":0,"comment_status":"open","ping_status":"open","sticky":false,"template":"","format":"standard","meta":{"_themeisle_gutenberg_block_has_review":false,"footnotes":""},"categories":[141],"tags":[306],"class_list":["post-4037","post","type-post","status-publish","format-standard","hentry","category-archives-web","tag-feminisme"],"_links":{"self":[{"href":"https:\/\/archives.regards.fr\/index.php?rest_route=\/wp\/v2\/posts\/4037","targetHints":{"allow":["GET"]}}],"collection":[{"href":"https:\/\/archives.regards.fr\/index.php?rest_route=\/wp\/v2\/posts"}],"about":[{"href":"https:\/\/archives.regards.fr\/index.php?rest_route=\/wp\/v2\/types\/post"}],"author":[{"embeddable":true,"href":"https:\/\/archives.regards.fr\/index.php?rest_route=\/wp\/v2\/users\/1"}],"replies":[{"embeddable":true,"href":"https:\/\/archives.regards.fr\/index.php?rest_route=%2Fwp%2Fv2%2Fcomments&post=4037"}],"version-history":[{"count":0,"href":"https:\/\/archives.regards.fr\/index.php?rest_route=\/wp\/v2\/posts\/4037\/revisions"}],"wp:attachment":[{"href":"https:\/\/archives.regards.fr\/index.php?rest_route=%2Fwp%2Fv2%2Fmedia&parent=4037"}],"wp:term":[{"taxonomy":"category","embeddable":true,"href":"https:\/\/archives.regards.fr\/index.php?rest_route=%2Fwp%2Fv2%2Fcategories&post=4037"},{"taxonomy":"post_tag","embeddable":true,"href":"https:\/\/archives.regards.fr\/index.php?rest_route=%2Fwp%2Fv2%2Ftags&post=4037"}],"curies":[{"name":"wp","href":"https:\/\/api.w.org\/{rel}","templated":true}]}}