{"id":4029,"date":"2009-04-07T00:00:00","date_gmt":"2009-04-06T22:00:00","guid":{"rendered":"https:\/\/wp.muchomaas.com\/suicides-en-prison-l-etat-d4029\/"},"modified":"2009-04-07T00:00:00","modified_gmt":"2009-04-06T22:00:00","slug":"suicides-en-prison-l-etat-d4029","status":"publish","type":"post","link":"https:\/\/archives.regards.fr\/?p=4029","title":{"rendered":"Suicides en prison : l&#8217;\u00e9tat d&#8217;urgence"},"content":{"rendered":"<p class=\"post_excerpt\"> Observatoire international des prisons, le 2 avril 2009 <\/p>\n<p>Selon les donn\u00e9es recueillies par l&#8217;OIP, 38 suicides ont \u00e9t\u00e9 d\u00e9nombr\u00e9s depuis le 1er janvier 2009 dans les prisons fran\u00e7aises. Sur la base d&#8217;une \u00e9quir\u00e9partition, ce chiffre correspondrait \u00e0 un nombre annuel d&#8217;environ 151 suicides en 2009, qui signifierait une hausse de 31 % par rapport \u00e0 &#8216;ann\u00e9e 2008. Pour rappel, l&#8217;ann\u00e9e 2008 s&#8217;\u00e9tait termin\u00e9e avec une augmentation de 20 % des suicides (115) par rapport \u00e0 l&#8217;ann\u00e9e 2007 (96), le taux de suicidit\u00e9 passant d&#8217;une ann\u00e9e sur l&#8217;autre de 15,2 suicides \u00e0 17,2 pour 10 000 d\u00e9tenus. Parmi les 38 suicides recens\u00e9s, 8 sont survenus au quartier disciplinaire, soit une proportion de 21 %. Pour rappel, au terme de l&#8217;ann\u00e9e 2008, 13 des 15 suicides d\u00e9nombr\u00e9s avaient eu lieu en cellule disciplinaire, soit une proportion de 11%.<\/p>\n<p>Pour ce qui est de la p\u00e9riode comprise entre le 1er janvier et le 31 mars 2009, 36 suicides ont \u00e9t\u00e9 d\u00e9nombr\u00e9s dans les prisons fran\u00e7aises. Ce nombre r\u00e9v\u00e8le une augmentation de 71 % entre le premier trimestre 2008 (21 suicides) et le premier trimestre 2009 (36).<\/p>\n<p>Dans ce contexte, prenant connaissance de la d\u00e9claration (sur France Info) du Docteur Louis Albrand selon laquelle la commission qu&#8217;il pr\u00e9sidait ne se reconna\u00eet pas dans le rapport final r\u00e9dig\u00e9 par l&#8217;administration p\u00e9nitentiaire, l&#8217;OIP demande la constitution d&#8217;une commission l&#8217;enqu\u00eate ind\u00e9pendante plac\u00e9e sous l&#8217;\u00e9gide du Contr\u00f4leur g\u00e9n\u00e9ral des lieux de privation de libert\u00e9&#8230;<\/p>\n","protected":false},"excerpt":{"rendered":"<p> Observatoire international des prisons, le 2 avril 2009 <\/p>\n","protected":false},"author":1,"featured_media":0,"comment_status":"open","ping_status":"open","sticky":false,"template":"","format":"standard","meta":{"_themeisle_gutenberg_block_has_review":false,"footnotes":""},"categories":[141],"tags":[316],"class_list":["post-4029","post","type-post","status-publish","format-standard","hentry","category-archives-web","tag-securitaire"],"_links":{"self":[{"href":"https:\/\/archives.regards.fr\/index.php?rest_route=\/wp\/v2\/posts\/4029","targetHints":{"allow":["GET"]}}],"collection":[{"href":"https:\/\/archives.regards.fr\/index.php?rest_route=\/wp\/v2\/posts"}],"about":[{"href":"https:\/\/archives.regards.fr\/index.php?rest_route=\/wp\/v2\/types\/post"}],"author":[{"embeddable":true,"href":"https:\/\/archives.regards.fr\/index.php?rest_route=\/wp\/v2\/users\/1"}],"replies":[{"embeddable":true,"href":"https:\/\/archives.regards.fr\/index.php?rest_route=%2Fwp%2Fv2%2Fcomments&post=4029"}],"version-history":[{"count":0,"href":"https:\/\/archives.regards.fr\/index.php?rest_route=\/wp\/v2\/posts\/4029\/revisions"}],"wp:attachment":[{"href":"https:\/\/archives.regards.fr\/index.php?rest_route=%2Fwp%2Fv2%2Fmedia&parent=4029"}],"wp:term":[{"taxonomy":"category","embeddable":true,"href":"https:\/\/archives.regards.fr\/index.php?rest_route=%2Fwp%2Fv2%2Fcategories&post=4029"},{"taxonomy":"post_tag","embeddable":true,"href":"https:\/\/archives.regards.fr\/index.php?rest_route=%2Fwp%2Fv2%2Ftags&post=4029"}],"curies":[{"name":"wp","href":"https:\/\/api.w.org\/{rel}","templated":true}]}}