{"id":4028,"date":"2009-04-02T00:00:00","date_gmt":"2009-04-01T22:00:00","guid":{"rendered":"https:\/\/wp.muchomaas.com\/desobeir-devient-un-devoir4028\/"},"modified":"2009-04-02T00:00:00","modified_gmt":"2009-04-01T22:00:00","slug":"desobeir-devient-un-devoir4028","status":"publish","type":"post","link":"https:\/\/archives.regards.fr\/?p=4028","title":{"rendered":"D\u00e9sob\u00e9ir devient un devoir"},"content":{"rendered":"<p>Un appel \u00e0 p\u00e9tition<\/p>\n<p>A l&#8217;attention de M. Charpy, DG Pole Emploi, et \u00e0 ses donneurs d&#8217;ordres<\/p>\n<p>Le salari\u00e9 met \u00e0 la disposition de l&#8217;employeur, sa force de travail, manuelle, intellectuelle, mais pas sa personne. Le salari\u00e9 en tant que personne n&#8217;est pas un instrument de production charg\u00e9 d&#8217;ex\u00e9cuter des ordres. Nous tenons \u00e0 garder notre libert\u00e9 de conscience et d&#8217;expression.<\/p>\n<p>VOUS nous demandez d&#8217;ex\u00e9cuter des ordres :<\/p>\n<p>&#8211; De d\u00e9cider, par t\u00e9l\u00e9phone, de l&#8217;indemnisation ou non d&#8217;un demandeur d&#8217;emploi, apr\u00e8s un questionnement simplifi\u00e9 \u00ab script suffisamment pr\u00e9cis \u00bb<\/p>\n<p>&#8211; De v\u00e9rifier l&#8217;authenticit\u00e9 des papiers, dans le dos des demandeurs d&#8217;emploi, \u00e0 l&#8217;aide de lampes UV<\/p>\n<p>&#8211; De proc\u00e9der au \u00ab traitement des doutes \u00bb<\/p>\n<p>&#8211; De d\u00e9noncer les suspects \u00e0 la fili\u00e8re indemnisation.<\/p>\n<p>VOUS \u00e9vitez soigneusement de nous communiquer les textes sur lesquels vous vous appuyez pour nous contraindre \u00e0 ex\u00e9cuter cette sale besogne, ex : note PE\/DG\/CSP\/2009\/N\u00b062, introuvable sur intranet.<\/p>\n<p>VOUS nous faites porter les responsabilit\u00e9s de ces actes en vous gardant bien de nous alerter sur les cons\u00e9quences.<\/p>\n<p>Ce syst\u00e8me mis en place induit l&#8217;id\u00e9e d&#8217;une fraude organis\u00e9e et g\u00e9n\u00e9ralis\u00e9e qui n&#8217;est qu&#8217;un pur fantasme. Plus grave, il agit sur l&#8217;inconscient collectif avec tous les dangers qui peuvent en d\u00e9couler : malaise, culpabilisation, agressivit\u00e9, violences envers soi-m\u00eame et envers les autres, et ce, des deux c\u00f4t\u00e9s du guichet.<\/p>\n<p>NOUS refusons d&#8217;\u00eatre l&#8217;instrument d&#8217;une politique parano\u00efaque :<\/p>\n<p>&#8211; o\u00f9 tous les demandeurs d&#8217;emploi seraient consid\u00e9r\u00e9s comme des suspects en puissance<\/p>\n<p>&#8211; o\u00f9 tous les demandeurs d&#8217;emploi seraient consid\u00e9r\u00e9s comme des fraudeurs<\/p>\n<p>NOUS refusons de collaborer avec les services de la Pr\u00e9fecture qu&#8217;ils soient sous la responsabilit\u00e9 de Monsieur Hortefeux, de Monsieur Besson ou d&#8217;un autre.<\/p>\n<p>NOUS sommes solidaires des personnes que nous accompagnons vers l&#8217;emploi,<\/p>\n<p>NOUS ne les trahirons pas.<\/p>\n<p>Nous, salari\u00e9s de P\u00f4le Emploi et signataires de cet appel refusons d&#8217;ex\u00e9cuter ces ordres,<\/p>\n<p>Nous, usagers de P\u00f4le Emploi, d&#8217;hier, d&#8217;aujourd&#8217;hui et de demain soutenons cette initiative en signant cette p\u00e9tition en solidarit\u00e9 : http:\/\/ra.sud-anpe.ouvaton.org\/spip.php?article187<\/p>\n<p>[[&#8212;&#8212;&#8212;&#8212;&#8212;&#8212;&#8211;<br \/>\n]]Toulouse, la direction r\u00e9gionale de P\u00f4le emploi occup\u00e9e<\/p>\n<p>http:\/\/www.cip-idf.org\/article.php3?id_article=4354<\/p>\n<p>Occupation du P\u00f4le Emploi Convention : Radiation annul\u00e9e !<\/p>\n<p>http:\/\/www.cip-idf.org\/article.php3?id_article=4351<\/p>\n<p>Ni P\u00f4le emploi, ni RSA : Occupation du P\u00f4le emploi Vicq d&#8217;Azir.<\/p>\n<p>http:\/\/www.cip-idf.org\/article.php3?id_article=4344<\/p>\n<p>Agir contre P\u00f4le emploi : refusons cette machine \u00e0 assujettir.<\/p>\n<p>http:\/\/www.cip-idf.org\/article.php3?id_article=4292<\/p>\n<p>De l&#8217;autre c\u00f4t\u00e9 du miroir. Perspectives de fraternisation entre ch\u00f4meurs et &#8220;conseillers \u00e0 l&#8217;emploi&#8221;.<\/p>\n<p>http:\/\/www.cip-idf.org\/article.php3?id_article=3883<\/p>\n","protected":false},"excerpt":{"rendered":"<p>Un appel \u00e0 p\u00e9tition A l&#8217;attention de M. Charpy, DG Pole Emploi, et \u00e0 ses donneurs d&#8217;ordres Le salari\u00e9 met \u00e0 la disposition de l&#8217;employeur, sa force de travail, manuelle, intellectuelle, mais pas sa personne. Le salari\u00e9 en tant que personne n&#8217;est pas un instrument de production charg\u00e9 d&#8217;ex\u00e9cuter des ordres. Nous tenons \u00e0 garder [&hellip;]<\/p>\n","protected":false},"author":1,"featured_media":0,"comment_status":"open","ping_status":"open","sticky":false,"template":"","format":"standard","meta":{"_themeisle_gutenberg_block_has_review":false,"footnotes":""},"categories":[141],"tags":[302],"class_list":["post-4028","post","type-post","status-publish","format-standard","hentry","category-archives-web","tag-alternatives"],"_links":{"self":[{"href":"https:\/\/archives.regards.fr\/index.php?rest_route=\/wp\/v2\/posts\/4028","targetHints":{"allow":["GET"]}}],"collection":[{"href":"https:\/\/archives.regards.fr\/index.php?rest_route=\/wp\/v2\/posts"}],"about":[{"href":"https:\/\/archives.regards.fr\/index.php?rest_route=\/wp\/v2\/types\/post"}],"author":[{"embeddable":true,"href":"https:\/\/archives.regards.fr\/index.php?rest_route=\/wp\/v2\/users\/1"}],"replies":[{"embeddable":true,"href":"https:\/\/archives.regards.fr\/index.php?rest_route=%2Fwp%2Fv2%2Fcomments&post=4028"}],"version-history":[{"count":0,"href":"https:\/\/archives.regards.fr\/index.php?rest_route=\/wp\/v2\/posts\/4028\/revisions"}],"wp:attachment":[{"href":"https:\/\/archives.regards.fr\/index.php?rest_route=%2Fwp%2Fv2%2Fmedia&parent=4028"}],"wp:term":[{"taxonomy":"category","embeddable":true,"href":"https:\/\/archives.regards.fr\/index.php?rest_route=%2Fwp%2Fv2%2Fcategories&post=4028"},{"taxonomy":"post_tag","embeddable":true,"href":"https:\/\/archives.regards.fr\/index.php?rest_route=%2Fwp%2Fv2%2Ftags&post=4028"}],"curies":[{"name":"wp","href":"https:\/\/api.w.org\/{rel}","templated":true}]}}