{"id":4027,"date":"2009-04-02T00:00:00","date_gmt":"2009-04-01T22:00:00","guid":{"rendered":"https:\/\/wp.muchomaas.com\/europeennes-se-battre-pour-l-unite4027\/"},"modified":"2009-04-02T00:00:00","modified_gmt":"2009-04-01T22:00:00","slug":"europeennes-se-battre-pour-l-unite4027","status":"publish","type":"post","link":"https:\/\/archives.regards.fr\/?p=4027","title":{"rendered":"Europ\u00e9ennes : se battre pour l&#8217;unit\u00e9 !"},"content":{"rendered":"<p class=\"post_excerpt\"> La F\u00e9d\u00e9ration <\/p>\n<p> (http:\/\/lafederation.org).<\/p>\n<p>Nous ne prenons pas notre parti de la division qui s&#8217;installe dans la gauche de gauche pour une autre Europe, sociale, \u00e9cologique, pour l&#8217;\u00e9galit\u00e9 des droits, antiraciste, et f\u00e9ministe. Il est indispensable de continuer le combat pour une liste unitaire jusqu&#8217;\u00e0 la fin, c&#8217;est \u00e0 dire jusqu&#8217;\u00e0 la cl\u00f4ture du d\u00e9p\u00f4t officiel des listes. Une fusion des listes actuellement concurrentes reste toujours possible.<\/p>\n<p><strong> La division est un recul pour l&#8217;Europe que nous voulons <\/strong><\/p>\n<p>La crise, la mont\u00e9e dramatique du ch\u00f4mage de masse, rendent une Europe d\u00e9mocratique, sociale, \u00e9cologique, plus que jamais n\u00e9cessaire. Ensemble, en 2005, nous avons men\u00e9 un combat pour la d\u00e9mocratie des citoyennes et des citoyens, contre une Europe des multinationales, des technocrates et des lobbies. Jugeons-nous aujourd&#8217;hui ce combat inutile ? Ensemble, en 2005, nous avons dit que nous voulions construire une Europe sociale, \u00e9cologique, pour l&#8217;\u00e9galit\u00e9 des droits, antiraciste, et f\u00e9ministe, \u00e0 la place de celle du capital. Nos guerres internes rendent-elles ce combat caduc ?<\/p>\n<p><strong> La division va renforcer la droite et le social-lib\u00e9ralisme <\/strong><\/p>\n<p>L&#8217;\u00e9cart entre la r\u00e9sistance au Sarkozyme et les logiques de boutiques partisanes va grandissant. C&#8217;est pourquoi la droite risque une fois encore de l&#8217;emporter \u00e9lectoralement, alors qu&#8217;elle est massivement d\u00e9savou\u00e9e dans la rue. Nous ne pouvons pas nous r\u00e9fugier derri\u00e8re les responsabilit\u00e9s bien r\u00e9elles du PS dans cette situation : il y a bel et bien crise de notre gauche. Nous ne pouvons reporter, \u00e9ch\u00e9ance apr\u00e8s \u00e9ch\u00e9ance, les r\u00e9ponses \u00e0 cette crise : les forces de gauche qui s&#8217;opposent au lib\u00e9ralisme doivent se rassembler, dans la rue et dans les urnes. La F\u00e9d\u00e9ration a toute sa place dans ce rassemblement. C&#8217;est pourquoi nous devons continuer \u00e0 faire signer l&#8217;appel \u00ab r\u00e9aliser une campagne unitaire, c&#8217;est possible ! \u00bb.<\/p>\n<p><strong> L&#8217;unit\u00e9, comment ? <\/strong><\/p>\n<p>La crise de notre gauche, c&#8217;est son incapacit\u00e9 \u00e0 donner \u00e0 voir largement le monde que nous voulons. Nous proposons des comit\u00e9s unitaires larges et ouverts, non seulement dans la perspective de la campagne europ\u00e9enne, mais aussi dans celle d&#8217;un front permanent contre la droite et le social-lib\u00e9ralisme, et dans celle de la construction d&#8217;une alternative sociale et \u00e9cologique.<\/p>\n<p>La crise de notre gauche, c&#8217;est encore son incapacit\u00e9 \u00e0 agir ensemble, dans le respect des diversit\u00e9s de chacune de ses sensibilit\u00e9s politiques, sociales, associatives et culturelles. A l&#8217;oppos\u00e9 des logiques d&#8217;h\u00e9g\u00e9monie partidaire ou de cartel \u00e9lectoral, nous pensons que la diversit\u00e9 est une force, qui doit \u00eatre visible.<\/p>\n<p>La crise de notre gauche, c&#8217;est aussi son incapacit\u00e9 \u00e0 mettre en \u0153uvre une autre mani\u00e8re de faire de la politique. Nous devons proposer d&#8217;y int\u00e9grer la \u00ab soci\u00e9t\u00e9 civile militante \u00bb dans ses dimensions citoyennes, syndicales, associatives et culturelles, afin de constituer une masse critique capable de disputer l&#8217;h\u00e9g\u00e9monie au PS sur le terrain militant et \u00e9lectoral. <\/p>\n<p>Nous continuons \u00e0 poser la question de l&#8217;\u00e9lection \u00e0 partir des mobilisations en cours, comme leur prolongement.<\/p>\n<p>Si, \u00e0 la date limite du d\u00e9p\u00f4t des listes, la division l&#8217;emporte, nous appellerons \u00e0 voter pour battre la droite et toutes les listes qui approuvent le Trait\u00e9 de Lisbonne.<\/p>\n","protected":false},"excerpt":{"rendered":"<p> La F\u00e9d\u00e9ration <\/p>\n","protected":false},"author":1,"featured_media":0,"comment_status":"open","ping_status":"open","sticky":false,"template":"","format":"standard","meta":{"_themeisle_gutenberg_block_has_review":false,"footnotes":""},"categories":[141],"tags":[290],"class_list":["post-4027","post","type-post","status-publish","format-standard","hentry","category-archives-web","tag-elections"],"_links":{"self":[{"href":"https:\/\/archives.regards.fr\/index.php?rest_route=\/wp\/v2\/posts\/4027","targetHints":{"allow":["GET"]}}],"collection":[{"href":"https:\/\/archives.regards.fr\/index.php?rest_route=\/wp\/v2\/posts"}],"about":[{"href":"https:\/\/archives.regards.fr\/index.php?rest_route=\/wp\/v2\/types\/post"}],"author":[{"embeddable":true,"href":"https:\/\/archives.regards.fr\/index.php?rest_route=\/wp\/v2\/users\/1"}],"replies":[{"embeddable":true,"href":"https:\/\/archives.regards.fr\/index.php?rest_route=%2Fwp%2Fv2%2Fcomments&post=4027"}],"version-history":[{"count":0,"href":"https:\/\/archives.regards.fr\/index.php?rest_route=\/wp\/v2\/posts\/4027\/revisions"}],"wp:attachment":[{"href":"https:\/\/archives.regards.fr\/index.php?rest_route=%2Fwp%2Fv2%2Fmedia&parent=4027"}],"wp:term":[{"taxonomy":"category","embeddable":true,"href":"https:\/\/archives.regards.fr\/index.php?rest_route=%2Fwp%2Fv2%2Fcategories&post=4027"},{"taxonomy":"post_tag","embeddable":true,"href":"https:\/\/archives.regards.fr\/index.php?rest_route=%2Fwp%2Fv2%2Ftags&post=4027"}],"curies":[{"name":"wp","href":"https:\/\/api.w.org\/{rel}","templated":true}]}}