{"id":4025,"date":"2009-04-01T00:00:00","date_gmt":"2009-03-31T22:00:00","guid":{"rendered":"https:\/\/wp.muchomaas.com\/europeennes-le-choix-des4025\/"},"modified":"2009-04-01T00:00:00","modified_gmt":"2009-03-31T22:00:00","slug":"europeennes-le-choix-des4025","status":"publish","type":"post","link":"https:\/\/archives.regards.fr\/?p=4025","title":{"rendered":"Europ\u00e9ennes : le choix des Alternatifs"},"content":{"rendered":"<p>Editorial du prochain Rouge et Vert<\/p>\n<p>http:\/\/www.alternatifs.org<\/p>\n<p>Le samedi 28 mars, les Alternatifs ont d\u00e9cid\u00e9 de ne pas participer \u00e0 aucune liste aux \u00e9lections europ\u00e9ennes en raison de l&#8217;impossibilit\u00e9 de r\u00e9aliser un front large de la gauche anticapitaliste\/antilib\u00e9rale. Ce choix est intervenu apr\u00e8s plusieurs semaines de rencontres avec les partenaires de notre mouvement, le NPA d&#8217;une part, le Parti de Gauche puis le Front de Gauche d&#8217;autre part. Deux consultations des adh\u00e9rent-e-s ont permis une prise de d\u00e9cision collective apr\u00e8s un d\u00e9bat large au sein du mouvement. Les termes de ce d\u00e9bat renvoient \u00e0 des aspirations et pr\u00e9occupations qui d\u00e9passent tr\u00e8s largement les rangs des Alternatifs.<\/p>\n<p>Premi\u00e8re remarque : les discussions avec nos partenaires politiques ont manifest\u00e9 des convergences importantes sur les contenus d&#8217;une campagne commune, tant en terme de r\u00e9ponse aux exigences sociales, \u00e9cologiques, d\u00e9mocratique de la p\u00e9riode, que de propositions pour une alternative au niveau europ\u00e9en.<\/p>\n<p>Par ailleurs, les propositions faites aux Alternatifs en terme de composition des listes comme de conduite de la campagne t\u00e9moignaient de la consid\u00e9ration port\u00e9e \u00e0 la pr\u00e9sence de notre organisation.<\/p>\n<p>Ces \u00e9l\u00e9ments nous conduisent \u00e0 souhaiter faire perdurer, et aboutir dans l&#8217;avenir, la d\u00e9marche de rassemblement qui n&#8217;a pu se r\u00e9aliser aujourd&#8217;hui. Nous souhaitons notamment que l&#8217;universit\u00e9 d&#8217;\u00e9t\u00e9 des Alternatifs soit l&#8217;occasion d&#8217;\u00e9changes publics avec les autres organisations politiques du camp anticapitaliste\/antilib\u00e9ral.<\/p>\n<p>Pour revenir au d\u00e9bat, celui ci s&#8217;est organis\u00e9 autour de trois positions.<\/p>\n<p>La premi\u00e8re (position A), consid\u00e9rant la n\u00e9cessit\u00e9 premi\u00e8re d&#8217;une pr\u00e9sence unitaire des antilib\u00e9raux aux \u00e9lections europ\u00e9ennes, analysait la constitution du Front de Gauche autour du PCF et du PG, comme l&#8217;\u00e9bauche d&#8217;un cadre unitaire cons\u00e9quent et pouvant s&#8217;ouvrir, la participation des Alternatifs \u00e0 ce Front partiel pouvant en accroitre la dynamique. A contrario,l&#8217;attitude du NPA, quelle que puisse \u00eatre la l\u00e9gitimit\u00e9 de sa m\u00e9fiance \u00e0 l&#8217;encontre de possibles renversements tactiques aux r\u00e9gionales, constituait un facteur de blocage du processus unitaire au nom d&#8217;une volont\u00e9 h\u00e9g\u00e9moniste.<\/p>\n<p>La seconde (position B), partant de l&#8217;analyse d&#8217;un nouveau cycle de mobilisations sociales et de radicalisation politique, faisait le pari d&#8217;une inscription dans cette situation nouvelle sur la base d&#8217;un partenariat avec le NPA, en prenant notamment acte de la possibilit\u00e9 d&#8217;une campagne rouge et verte, le Front de Gauche n&#8217;\u00e9tant pas consid\u00e9r\u00e9 comme en capacit\u00e9 de capter et exprimer la radicalisation sociale et politique et restant marqu\u00e9 par l&#8217;attitude ambig\u00fce de certains de ses secteurs vis \u00e0 vis du PS.<\/p>\n<p>La troisi\u00e8me (position C) donnait la priorit\u00e9 \u00e0 une construction unitaire d&#8217;ensemble, non r\u00e9alis\u00e9e \u00e0 ce stade, insistait sur la n\u00e9cessit\u00e9 de ne pas subordonner des \u00e9l\u00e9ments fondamentaux du projet \u00e9colo-alternatif aux alliances avec le Front de Gauche et le NPA, et insistait sur le risque de tensions fortes au sein de la F\u00e9d\u00e9ration des gauches alternatives en cas de participation des Alternatifs \u00e0 une alliance partielle.<\/p>\n<p>Un premier vote des adh\u00e9rent-e-s, conclu le 22 mars, placait la position C l\u00e9g\u00e8rement en t\u00eate (35%), les positions A (30%) et B (31%) arrivant presque \u00e0 \u00e9galit\u00e9. Un second vote devant permettre de trancher entre les positions B et C a vu le d\u00e9bat se polariser davantage sur la pr\u00e9sence des Alternatifs dans la bataille politique pour les \u00e9lections europ\u00e9ennes. Il s&#8217;est conclu, le 28 mars, par l&#8217;adoption de la position C (55%), la position B obtenant 41% des suffrages.<\/p>\n<p>Chacun-e peut constater que la bataille pour l&#8217;unit\u00e9 des anticapitalistes\/antilib\u00e9raux, si elle interpelle des secteurs militants large, n&#8217;est pas per\u00e7ue \u00e0 une \u00e9chelle de masse dans une conjoncture marqu\u00e9e par la duret\u00e9 de la crise, l&#8217;aiguisement des conflits sociaux, et la tentation manipulatrice, r\u00e9pressive et autoritaire du sarkozysme. Elle n&#8217;en reste pas moins moins un axe fort de la d\u00e9marche des Alternatifs. Elle doit \u00eatre : &#8211; large, par la convergence des organisations anticapitalistes, antilib\u00e9rales, \u00e9cologistes radicales, et par l&#8217;articulation de ce front avec diverses formes d&#8217;auto-organisation sociale et politique; &#8211; productrice de projet et d&#8217;alternatives concr\u00e8tes, pour passer de la r\u00e9volte \u00e0 l&#8217;Alternative sociale, \u00e9cologiste, autogestionnaire, f\u00e9ministe; &#8211; durable, pour combattre la droite, casser l&#8217;h\u00e9g\u00e9monie du PS \u00e0 gauche, \u00eatre utile aux mobilisations. Le chemin est, d\u00e9cid\u00e9ment, long, le combat continue.<\/p>\n<p>Jean-Jacques Boislaroussie<\/p>\n<p>http:\/\/www.alternatifs.org<\/p>\n","protected":false},"excerpt":{"rendered":"<p>Editorial du prochain Rouge et Vert http:\/\/www.alternatifs.org Le samedi 28 mars, les Alternatifs ont d\u00e9cid\u00e9 de ne pas participer \u00e0 aucune liste aux \u00e9lections europ\u00e9ennes en raison de l&#8217;impossibilit\u00e9 de r\u00e9aliser un front large de la gauche anticapitaliste\/antilib\u00e9rale. Ce choix est intervenu apr\u00e8s plusieurs semaines de rencontres avec les partenaires de notre mouvement, le NPA [&hellip;]<\/p>\n","protected":false},"author":1,"featured_media":0,"comment_status":"open","ping_status":"open","sticky":false,"template":"","format":"standard","meta":{"_themeisle_gutenberg_block_has_review":false,"footnotes":""},"categories":[141],"tags":[290],"class_list":["post-4025","post","type-post","status-publish","format-standard","hentry","category-archives-web","tag-elections"],"_links":{"self":[{"href":"https:\/\/archives.regards.fr\/index.php?rest_route=\/wp\/v2\/posts\/4025","targetHints":{"allow":["GET"]}}],"collection":[{"href":"https:\/\/archives.regards.fr\/index.php?rest_route=\/wp\/v2\/posts"}],"about":[{"href":"https:\/\/archives.regards.fr\/index.php?rest_route=\/wp\/v2\/types\/post"}],"author":[{"embeddable":true,"href":"https:\/\/archives.regards.fr\/index.php?rest_route=\/wp\/v2\/users\/1"}],"replies":[{"embeddable":true,"href":"https:\/\/archives.regards.fr\/index.php?rest_route=%2Fwp%2Fv2%2Fcomments&post=4025"}],"version-history":[{"count":0,"href":"https:\/\/archives.regards.fr\/index.php?rest_route=\/wp\/v2\/posts\/4025\/revisions"}],"wp:attachment":[{"href":"https:\/\/archives.regards.fr\/index.php?rest_route=%2Fwp%2Fv2%2Fmedia&parent=4025"}],"wp:term":[{"taxonomy":"category","embeddable":true,"href":"https:\/\/archives.regards.fr\/index.php?rest_route=%2Fwp%2Fv2%2Fcategories&post=4025"},{"taxonomy":"post_tag","embeddable":true,"href":"https:\/\/archives.regards.fr\/index.php?rest_route=%2Fwp%2Fv2%2Ftags&post=4025"}],"curies":[{"name":"wp","href":"https:\/\/api.w.org\/{rel}","templated":true}]}}