{"id":4007,"date":"2009-04-01T00:00:00","date_gmt":"2009-03-31T22:00:00","guid":{"rendered":"https:\/\/wp.muchomaas.com\/jusqu-ici-pas-de-bobo4007\/"},"modified":"2009-04-01T00:00:00","modified_gmt":"2009-03-31T22:00:00","slug":"jusqu-ici-pas-de-bobo4007","status":"publish","type":"post","link":"https:\/\/archives.regards.fr\/?p=4007","title":{"rendered":"Jusqu&#8217;ici pas de bobo"},"content":{"rendered":"<p class=\"post_excerpt\"> La Goutte d&#8217;Or. Un joli nom pour un quartier qui trimballe pas mal de fantasmes, du coupe-gorge \u00e0 l&#8217;Eldorado bobo. Rencontre avec Fabienne Cossin, qui vit et travaille dans le quartier, et tord le cou \u00e0 quelques id\u00e9es re\u00e7ues.  <\/p>\n<p><em> \u00abC&#8217;\u00e9tait en pleine f\u00eate du quartier, Zebda \u00e9tait en concert, il faisait beau.\u00bb <\/em> Fabienne Cossin (1), 34 ans, se souvient de son arriv\u00e9e \u00e0 la Goutte d&#8217;Or. Les quartiers populaires sont habitu\u00e9s \u00e0 tra\u00eener des clich\u00e9s. Ici, celui du suppos\u00e9 coupe-gorge est tenace. Mais la Goutte d&#8217;Or serait aussi un territoire bobo en devenir.<em> \u00abChicago d&#8217;un c\u00f4t\u00e9, boboland de l&#8217;autre, ce sont l\u00e0 deux fantasmes\u00bb <\/em>, tranche Fabienne. Laissons l\u00e0 les caricatures. On peut circuler paisiblement du boulevard Barb\u00e8s au m\u00e9tro La Chapelle ou de la rue Ordener aux voies de chemin de fer de la gare du Nord. Quant \u00e0 la gentrification du quartier (2), on en est loin. Selon la sociologue Marie-H\u00e9l\u00e8ne Bacqu\u00e9 (3), la forte proportion d&#8217;habitat social continuera longtemps de ralentir sa progression.  <\/p>\n<p>Fabienne conna\u00eet bien les quartiers populaires. Universitairement, d&#8217;abord, m\u00eame si elle pr\u00e9f\u00e8re passer rapidement sur son cursus, un DEA avec le sociologue Fran\u00e7ois Dubet notamment. C&#8217;est son exp\u00e9rience de professionnelle et d&#8217;habitante qu&#8217;elle \u00e9voque plus volontiers: les quartiers Nord de Marseille, celui de Saint-Michel, \u00e0 Bordeaux, ou encore de Belleville, \u00e0 Paris.<em> \u00abJ&#8217;ai eu dans mes \u00e9tudes le sentiment d&#8217;\u00eatre d\u00e9connect\u00e9e de l&#8217;action et du terrain. Je souhaitais quelque chose de plus appliqu\u00e9, de plus op\u00e9rationnel.\u00bb <\/em> Aujourd&#8217;hui au c\u0153ur de la vie associative, elle pose un regard passionnant sur la Goutte d&#8217;Or, elle qui sera bient\u00f4t charg\u00e9e de former les professionnels qui d\u00e9barquent.<em> \u00abDe tous les quartiers populaires que j&#8217;ai connus, celui-ci est le plus agr\u00e9able.\u00bb <\/em> Pas d&#8217;ang\u00e9lisme, les indicateurs font \u00e9tat de grandes difficult\u00e9s \u00e9conomiques et sociales. Les m\u00e9nages vivant sous le seuil de pauvret\u00e9 sont pr\u00e8s de trois fois plus pr\u00e9sents qu&#8217;\u00e0 l&#8217;\u00e9chelle parisienne: 27 % contre 11 % pour l&#8217;ensemble de Paris. 26 % des \u00e9l\u00e8ves ont au moins une ann\u00e9e de retard en fin d&#8217;\u00e9cole primaire contre 13 % \u00e0 l&#8217;\u00e9chelle parisienne. Et m\u00eame si le quartier est en cours de r\u00e9habilitation, l&#8217;habitat reste fortement d\u00e9grad\u00e9. <\/p>\n<p>Alors, comment le quartier peut-il \u00eatre<em> \u00abagr\u00e9able\u00bb <\/em> ?<em> \u00abNous l&#8217;avons mesur\u00e9, gr\u00e2ce \u00e0 un questionnaire que nous avons fait passer \u00e0 Bordeaux et \u00e0 Paris: les habitants de la Goutte d&#8217;Or aiment davantage leur lieu de vie.\u00bb <\/em>  Par ailleurs, il est<em> \u00abmoins isol\u00e9\u00bb <\/em> que de nombreux quartiers populaires,<em> \u00abtout comme Belzunce et le Panier, \u00e0 Marseille\u00bb <\/em>. Enfin, il y a, dans cette partie du 18e arrondissement, une tradition historique d&#8217;accueil des migrants et des classes populaires. Et depuis L&#8217;Assommoir de Zola, qui voulait<em> \u00abpeindre la d\u00e9ch\u00e9ance fatale d&#8217;une famille ouvri\u00e8re, dans le milieu empest\u00e9 de nos faubourgs\u00bb <\/em>, le sort des habitants s&#8217;est bien am\u00e9lior\u00e9.<em> \u00abIl y a une dynamique \u00e9conomique propre au quartier, raconte Fabienne, des syst\u00e8mes d&#8217;entraide et des r\u00e9seaux informels qui permettent de s&#8217;en sortir avec peu de revenus.\u00bb <\/em> Pour s&#8217;en rendre compte, on peut faire ses courses au march\u00e9 Dejean, m\u00e9tro Ch\u00e2teau-Rouge, bien connu de la communaut\u00e9 africaine d&#8217;Ile-de-France, qui s&#8217;y presse le samedi, mais aussi<em> \u00abjusqu&#8217;en Afrique de l&#8217;Ouest\u00bb <\/em>. L&#8217;autre nom du march\u00e9: l&#8217;Ambassade ! M\u00eame s&#8217;il est \u00e9vident \u00e0 l&#8217;observation que les amateurs de tilapia, de thiof, de capitaine ou de gombos ne viennent pas des bourgeoises Abbesses ni des immeubles haussmanniens de Lamarck-Caulaincourt, certains lieux de la Goutte d&#8217;Or offrent une r\u00e9elle attractivit\u00e9 pour tous les publics.<em> \u00abOn vient de partout pour la biblioth\u00e8que, assure Fabienne, pour sa qualit\u00e9. De m\u00eame pour le Lavoir moderne parisien, un lieu de spectacles pr\u00e9cieux.\u00bb <\/em>  Et enfin, le square L\u00e9on, o\u00f9 Fabienne emm\u00e8ne son fils apr\u00e8s l&#8217;\u00e9cole,<em> \u00abun v\u00e9ritable lieu de rencontre entre des parents de toutes origines\u00bb <\/em>. <strong> R.D. <\/strong><\/p>\n<p>1. Coordinatrice de l&#8217;Observatoire de la vie locale de la Goutte d&#8217;or, 18e arr. de Paris.<\/p>\n<p>2. Processus qui transforme le profil \u00e9conomique et social des habitants d&#8217;un quartier au profit d&#8217;une couche sociale sup\u00e9rieure. <\/p>\n<p>3. Lire \u00abEn attendant la gentrification: discours et politiques a la Goutte d&#8217;Or (1982-2000)\u00bb, revue<em> Soci\u00e9t\u00e9s contemporaines <\/em> n\u00b0 63, 2006. <\/p>\n<p>Paru dans<em> Regards <\/em> n\u00b061, avril 2009<\/p>\n","protected":false},"excerpt":{"rendered":"<p> La Goutte d&#8217;Or. Un joli nom pour un quartier qui trimballe pas mal de fantasmes, du coupe-gorge \u00e0 l&#8217;Eldorado bobo. Rencontre avec Fabienne Cossin, qui vit et travaille dans le quartier, et tord le cou \u00e0 quelques id\u00e9es re\u00e7ues.  <\/p>\n","protected":false},"author":569,"featured_media":0,"comment_status":"open","ping_status":"open","sticky":false,"template":"","format":"standard","meta":{"_themeisle_gutenberg_block_has_review":false,"footnotes":""},"categories":[141],"tags":[326],"class_list":["post-4007","post","type-post","status-publish","format-standard","hentry","category-archives-web","tag-quartiers"],"_links":{"self":[{"href":"https:\/\/archives.regards.fr\/index.php?rest_route=\/wp\/v2\/posts\/4007","targetHints":{"allow":["GET"]}}],"collection":[{"href":"https:\/\/archives.regards.fr\/index.php?rest_route=\/wp\/v2\/posts"}],"about":[{"href":"https:\/\/archives.regards.fr\/index.php?rest_route=\/wp\/v2\/types\/post"}],"author":[{"embeddable":true,"href":"https:\/\/archives.regards.fr\/index.php?rest_route=\/wp\/v2\/users\/569"}],"replies":[{"embeddable":true,"href":"https:\/\/archives.regards.fr\/index.php?rest_route=%2Fwp%2Fv2%2Fcomments&post=4007"}],"version-history":[{"count":0,"href":"https:\/\/archives.regards.fr\/index.php?rest_route=\/wp\/v2\/posts\/4007\/revisions"}],"wp:attachment":[{"href":"https:\/\/archives.regards.fr\/index.php?rest_route=%2Fwp%2Fv2%2Fmedia&parent=4007"}],"wp:term":[{"taxonomy":"category","embeddable":true,"href":"https:\/\/archives.regards.fr\/index.php?rest_route=%2Fwp%2Fv2%2Fcategories&post=4007"},{"taxonomy":"post_tag","embeddable":true,"href":"https:\/\/archives.regards.fr\/index.php?rest_route=%2Fwp%2Fv2%2Ftags&post=4007"}],"curies":[{"name":"wp","href":"https:\/\/api.w.org\/{rel}","templated":true}]}}