{"id":4006,"date":"2009-04-01T00:00:00","date_gmt":"2009-03-31T22:00:00","guid":{"rendered":"https:\/\/wp.muchomaas.com\/surdite-a-droite-solidite-a-gauche4006\/"},"modified":"2009-04-01T00:00:00","modified_gmt":"2009-03-31T22:00:00","slug":"surdite-a-droite-solidite-a-gauche4006","status":"publish","type":"post","link":"https:\/\/archives.regards.fr\/?p=4006","title":{"rendered":"Surdit\u00e9 \u00e0 droite. Solidit\u00e9 \u00e0 gauche ?"},"content":{"rendered":"<p>Les Antilles ont donn\u00e9 une le\u00e7on de t\u00e9nacit\u00e9 pour faire plier le gouvernement. A voir l&#8217;affluence en termes de participation et le soutien populaire (plus de deux Fran\u00e7ais sur trois) \u00e0 la journ\u00e9e de gr\u00e8ve g\u00e9n\u00e9rale du 19 mars dernier, il n&#8217;est visiblement pas question de mollir. La contestation prosp\u00e8re, la r\u00e9volte s&#8217;affirme. Et ce d&#8217;autant plus que le gouvernement s&#8217;est enferm\u00e9 dans un d\u00e9ni impressionnant face aux revendications port\u00e9es. Confront\u00e9s \u00e0 une succession de foyers de contestation, Nicolas Sarkozy et ses amis adoptent un ton moins p\u00e9remptoire. Fini le temps o\u00f9 le pr\u00e9sident de la R\u00e9publique affirmait en fanfaronnant :<em> \u00abMaintenant, quand il y a une gr\u00e8ve, plus personne ne s&#8217;en aper\u00e7oit\u00bb <\/em>.  Si le m\u00e9pris s&#8217;affiche avec plus de discr\u00e9tion, le cap, lui, reste inchang\u00e9. <\/p>\n<p>Pour l&#8217;heure, le gouvernement refuse de satisfaire l&#8217;une des revendications majeures port\u00e9es par les syndicats et la gauche, \u00e0 savoir l&#8217;augmentation des bas salaires et des minima sociaux. Le f\u00e9tichisme de la logique capitaliste conduit \u00e0 \u00e9carter le moyen de restaurer quelque peu le rapport capital-travail, en augmentant les revenus du plus grand nombre pour mieux partager la plus-value. La d\u00e9fense du service public, si utile par temps de crise o\u00f9 tous les leviers de la solidarit\u00e9 et de l&#8217;\u00e9galit\u00e9 doivent \u00eatre confort\u00e9s, ne fait toujours pas partie des priorit\u00e9s de la droite. Et alors que la crise sert de pr\u00e9texte \u00e0 bien des entreprises pour mettre dehors de nombreux salari\u00e9s, le gouvernement n&#8217;envisage pas non plus d&#8217;encadrer davantage les licenciements. Quant \u00e0 ponctionner les revenus financiers ou \u00e0 s&#8217;attaquer <\/p>\n<p>r\u00e9ellement \u00e0 tous les \u00ababus\u00bb des grands patrons qui osent encore se servir largement la soupe dans ce contexte d\u00e9pressif, ce n&#8217;est pas plus \u00e0 l&#8217;ordre du jour. Les coups de gueule sur les paradis fiscaux ou les stocks options ne font pas une politique. Pour preuve : Fran\u00e7ois Fillon a clairement r\u00e9affirm\u00e9 l&#8217;orientation gouvernementale, estimant qu&#8217;un effort de \u00abp\u00e9dagogie\u00bb sur les mesures engag\u00e9es suffirait \u00e0 calmer les Fran\u00e7ais en col\u00e8re. <\/p>\n<p>Certaines contre-r\u00e9formes, comme la loi sur l&#8217;autonomie des universit\u00e9s ou le projet Darcos sur l&#8217;\u00e9cole, ont tout de m\u00eame \u00e9t\u00e9 renvoy\u00e9es \u00e0 plus tard. Mais la droite continue la fusion Assedic-ANPE, la loi Bachelot sur l&#8217;h\u00f4pital (transform\u00e9 en h\u00f4pital-entreprise), les remises en cause sur le terrain de la justice p\u00e9nale&#8230; Et pas touche au paquet fiscal : Fr\u00e9d\u00e9ric Lef\u00e8bvre, porte-parole de l&#8217;UMP, ose m\u00eame d\u00e9clarer que la loi TEPA avec son bouclier fiscal est un<em> \u00ab\u00e9l\u00e9ment de justice\u00bb <\/em>. On ne change pas une orientation qui perd&#8230; Haro enfin sur ceux qui attisent la mobilisation, per\u00e7ue comme un d\u00e9sordre. Le Medef vient en renfort pour tenter d&#8217;inverser les r\u00f4les, en rendant la CGT responsable de la perte d&#8217;emplois ! <\/p>\n<p>Toujours est-il que le rapport de force est en marche. La r\u00e9sistance populaire est le meilleur moyen de d\u00e9boucher les oreilles du gouvernement. Et sans doute aussi un \u00e9l\u00e9ment d\u00e9cisif pour d\u00e9clencher une dynamique solide \u00e0 gauche. <\/p>\n<p><strong> C.A.** et **E.C. <\/strong><\/p>\n<p>Paru dans<em> Regards <\/em> n\u00b061, avril 2009<\/p>\n","protected":false},"excerpt":{"rendered":"<p>Les Antilles ont donn\u00e9 une le\u00e7on de t\u00e9nacit\u00e9 pour faire plier le gouvernement. A voir l&#8217;affluence en termes de participation et le soutien populaire (plus de deux Fran\u00e7ais sur trois) \u00e0 la journ\u00e9e de gr\u00e8ve g\u00e9n\u00e9rale du 19 mars dernier, il n&#8217;est visiblement pas question de mollir. La contestation prosp\u00e8re, la r\u00e9volte s&#8217;affirme. Et ce [&hellip;]<\/p>\n","protected":false},"author":527,"featured_media":0,"comment_status":"open","ping_status":"open","sticky":false,"template":"","format":"standard","meta":{"_themeisle_gutenberg_block_has_review":false,"footnotes":""},"categories":[141],"tags":[328],"class_list":["post-4006","post","type-post","status-publish","format-standard","hentry","category-archives-web","tag-editorial"],"_links":{"self":[{"href":"https:\/\/archives.regards.fr\/index.php?rest_route=\/wp\/v2\/posts\/4006","targetHints":{"allow":["GET"]}}],"collection":[{"href":"https:\/\/archives.regards.fr\/index.php?rest_route=\/wp\/v2\/posts"}],"about":[{"href":"https:\/\/archives.regards.fr\/index.php?rest_route=\/wp\/v2\/types\/post"}],"author":[{"embeddable":true,"href":"https:\/\/archives.regards.fr\/index.php?rest_route=\/wp\/v2\/users\/527"}],"replies":[{"embeddable":true,"href":"https:\/\/archives.regards.fr\/index.php?rest_route=%2Fwp%2Fv2%2Fcomments&post=4006"}],"version-history":[{"count":0,"href":"https:\/\/archives.regards.fr\/index.php?rest_route=\/wp\/v2\/posts\/4006\/revisions"}],"wp:attachment":[{"href":"https:\/\/archives.regards.fr\/index.php?rest_route=%2Fwp%2Fv2%2Fmedia&parent=4006"}],"wp:term":[{"taxonomy":"category","embeddable":true,"href":"https:\/\/archives.regards.fr\/index.php?rest_route=%2Fwp%2Fv2%2Fcategories&post=4006"},{"taxonomy":"post_tag","embeddable":true,"href":"https:\/\/archives.regards.fr\/index.php?rest_route=%2Fwp%2Fv2%2Ftags&post=4006"}],"curies":[{"name":"wp","href":"https:\/\/api.w.org\/{rel}","templated":true}]}}