{"id":4001,"date":"2009-04-01T00:00:00","date_gmt":"2009-03-31T22:00:00","guid":{"rendered":"https:\/\/wp.muchomaas.com\/michel-vaujour-evasion-reussie4001\/"},"modified":"2009-04-01T00:00:00","modified_gmt":"2009-03-31T22:00:00","slug":"michel-vaujour-evasion-reussie4001","status":"publish","type":"post","link":"https:\/\/archives.regards.fr\/?p=4001","title":{"rendered":"Michel Vaujour. Evasion r\u00e9ussie"},"content":{"rendered":"<p class=\"post_excerpt\"> A 57 ans, Michel Vaujour a pass\u00e9 vingt-sept ans derri\u00e8re les barreaux, dont dix-sept en cellule d&#8217;isolement. Ses multiples \u00e9vasions ont d\u00e9fray\u00e9 la chronique, notamment sa sortie en h\u00e9lico de la Sant\u00e9 en 1986. \u00ab Ne me lib\u00e9rez pas, je m&#8217;en charge \u00bb, un documentaire de Fabienne Godet sur sa vie, sort ce mois-ci. Celui qui fut le MacGyver d&#8217;une g\u00e9n\u00e9ration revient ici sur ses relations particuli\u00e8res \u00e0 la vie, \u00e0 la libert\u00e9. Entretien avec Michel Vaujour. <\/p>\n<p><strong> Dans<em> Ma plus belle \u00e9vasion <\/em> (1), vous reveniez sur votre enfance, vos ann\u00e9es de d\u00e9tention, vos multiples \u00e9vasions et votre lib\u00e9ration en 2003. Pourquoi avez-vous accept\u00e9 le projet de Fabienne Godet? Michel Vaujour. <\/strong> Parce que j&#8217;avais confiance. J&#8217;avais d\u00e9j\u00e0 eu plusieurs propositions mais on voulait toujours m&#8217;enfermer dans un r\u00f4le, genre c&#8217;est un bandit, c&#8217;est du spectaculaire, du fait divers. \u00c7a ne me correspond pas du tout. Je pratique l&#8217;hygi\u00e8ne mentale, alors, m&#8217;enfermer dans le pass\u00e9, non, merci! Ce que je veux bien communiquer, c&#8217;est la relation \u00e0 la vie recueillie sur le chemin du banditisme, de l&#8217;adversit\u00e9 de la prison. Tout un cheminement humain. Et Fabienne, justement, je savais qu&#8217;elle comprenait \u00e7a.<\/p>\n<p><strong> Dans le documentaire, on vous d\u00e9couvre dou\u00e9 d&#8217;une force int\u00e9rieure incroyable. Etes-vous conscient de cette confiance en la vie que vous d\u00e9gagez? M.V. <\/strong> En fait, je ne me pose pas la question! Je crois tout simplement qu&#8217;on peut tout d\u00e9passer et m\u00eame qu&#8217;on a tout \u00e0 y gagner, \u00e0 tout d\u00e9passer. Je me suis transform\u00e9 dans l&#8217;\u00e9preuve, sur ce chemin qui m&#8217;a forc\u00e9 \u00e0 descendre au plus profond de moi, de ce que je pensais ne pas \u00eatre. Et plus le chemin est dur et plus on finit par d\u00e9couvrir des forces au fond de soi, des forces dont on ignorait la pr\u00e9sence. Des forces qu&#8217;on ignorerait d&#8217;ailleurs peut-\u00eatre toujours, si on n&#8217;avait pas \u00e9t\u00e9 oblig\u00e9 d&#8217;aller plus loin. <\/p>\n<p><strong> En 1986, vous recevez une balle en pleine t\u00eate lors d&#8217;un braquage sur Paris. Sorti du coma, vous \u00eates plac\u00e9 en isolement avec une h\u00e9mipl\u00e9gie du c\u00f4t\u00e9 droit. Pendant dix-sept ans&#8230;M.V. <\/strong> Oui, j&#8217;ai eu la chance d&#8217;\u00eatre oblig\u00e9 d&#8217;aller plus loin que la norme. Et de tenir. C&#8217;est cette exp\u00e9rience qui fait que je suis devenu ce que je suis devenu. C&#8217;est ce cheminement qui me donne cette relation \u00e0 la vie si particuli\u00e8re, ce que vous appelez ma force int\u00e9rieure. Je crois qu&#8217;on peut tout r\u00e9ussir, vraiment tout, si on est pr\u00eat \u00e0 tout sacrifier, surtout ce que l&#8217;on croit \u00eatre.<\/p>\n<p><strong> Du personnel de prison, rencontr\u00e9 \u00abde l&#8217;autre c\u00f4t\u00e9\u00bb, vous remercie pour vos t\u00e9moignages&#8230; M.V. <\/strong> Oui, \u00e7a fait bizarre! Ils disent que c&#8217;est rare que quelqu&#8217;un parle de l&#8217;int\u00e9rieur, y compris de son besoin de se prot\u00e9ger vis-\u00e0-vis de l&#8217;administration, des matons. Pour les familles des d\u00e9tenus aussi, c&#8217;est important. \u00c7a peut les aider \u00e0 mieux comprendre ce que leur propre parent vit et ne parvient peut-\u00eatre pas \u00e0 exprimer. Et il para\u00eet que ce que je raconte, beaucoup le vivent de l&#8217;int\u00e9rieur, les d\u00e9tenus, les matons et m\u00eame les directeurs de prison.<\/p>\n<p><strong> Six ans apr\u00e8s votre lib\u00e9ration, que pensez-vous du syst\u00e8me p\u00e9nitentiaire? M.V. <\/strong> La p\u00e9nitentiaire\u00a0a \u00e9t\u00e9 pendant des ann\u00e9es mon ennemi. En cellule d&#8217;isolement, c&#8217;\u00e9tait m\u00eame devenu mon ennemi naturel. La p\u00e9nitentiaire assurait sa mission de s\u00e9curit\u00e9 avec tellement de z\u00e8le que j&#8217;\u00e9tais comme enterr\u00e9 vivant. Toutefois, dans la derni\u00e8re phase, je suis tomb\u00e9 sur un directeur de prison qui a os\u00e9 assumer sa mission de r\u00e9insertion. <\/p>\n<p><strong> Vous misiez sur la modification en 2000 du r\u00e9gime de la libert\u00e9 conditionnelle&#8230; M.V. <\/strong> Oui, \u00e7a changeait tout, ce n&#8217;\u00e9tait plus l&#8217;administration p\u00e9nitentiaire\u00a0qui d\u00e9cidait arbitrairement de votre sort, mais des juges qui s&#8217;appuyaient sur un dossier fond\u00e9. La p\u00e9nitentiaire devait seulement donner un avis. Un jour, le surveillant en chef m&#8217;a appel\u00e9 dans son bureau. Il avait fait le rapport de synth\u00e8se et voulait me lire ce qu&#8217;il avait \u00e9crit :<em> \u00abavis de tel service : favorable ; avis de tel service : favorable ; etc.\u00bb <\/em> Et en conclusion du rapport :<em> \u00abSi Monsieur Vaujour doit \u00eatre lib\u00e9r\u00e9, c&#8217;est maintenant ou jamais.\u00bb <\/em> Ceux de la p\u00e9nitentiaire avaient r\u00e9ussi \u00e0 d\u00e9passer les cases dans lesquelles ils m&#8217;enfermaient. Et le fait qu&#8217;ils assument leur mission de r\u00e9insertion comme ils avaient assum\u00e9 leur mission de s\u00e9curit\u00e9, c&#8217;\u00e9tait vachement important. Sinon je serais peut-\u00eatre sorti  : si j&#8217;\u00e9tais sorti : en gardant \u00e9norm\u00e9ment de haine et \u00e7a m&#8217;aurait emp\u00each\u00e9 d&#8217;avoir les relations \u00e0 la vie que je peux avoir aujourd&#8217;hui.  <\/p>\n<p><strong> Recueilli par Charlotte Noblet <\/strong><\/p>\n<p>1. \u00e9d. Presses de la Renaissance,  2005.<\/p>\n<p>Paru dans<em> Regards <\/em> n\u00b061, avril 2009<\/p>\n","protected":false},"excerpt":{"rendered":"<p> A 57 ans, Michel Vaujour a pass\u00e9 vingt-sept ans derri\u00e8re les barreaux, dont dix-sept en cellule d&#8217;isolement. Ses multiples \u00e9vasions ont d\u00e9fray\u00e9 la chronique, notamment sa sortie en h\u00e9lico de la Sant\u00e9 en 1986. \u00ab Ne me lib\u00e9rez pas, je m&#8217;en charge \u00bb, un documentaire de Fabienne Godet sur sa vie, sort ce mois-ci. Celui qui fut le MacGyver d&#8217;une g\u00e9n\u00e9ration revient ici sur ses relations particuli\u00e8res \u00e0 la vie, \u00e0 la libert\u00e9. Entretien avec Michel Vaujour. <\/p>\n","protected":false},"author":1,"featured_media":0,"comment_status":"open","ping_status":"open","sticky":false,"template":"","format":"standard","meta":{"_themeisle_gutenberg_block_has_review":false,"footnotes":""},"categories":[141],"tags":[299],"class_list":["post-4001","post","type-post","status-publish","format-standard","hentry","category-archives-web","tag-cinema"],"_links":{"self":[{"href":"https:\/\/archives.regards.fr\/index.php?rest_route=\/wp\/v2\/posts\/4001","targetHints":{"allow":["GET"]}}],"collection":[{"href":"https:\/\/archives.regards.fr\/index.php?rest_route=\/wp\/v2\/posts"}],"about":[{"href":"https:\/\/archives.regards.fr\/index.php?rest_route=\/wp\/v2\/types\/post"}],"author":[{"embeddable":true,"href":"https:\/\/archives.regards.fr\/index.php?rest_route=\/wp\/v2\/users\/1"}],"replies":[{"embeddable":true,"href":"https:\/\/archives.regards.fr\/index.php?rest_route=%2Fwp%2Fv2%2Fcomments&post=4001"}],"version-history":[{"count":0,"href":"https:\/\/archives.regards.fr\/index.php?rest_route=\/wp\/v2\/posts\/4001\/revisions"}],"wp:attachment":[{"href":"https:\/\/archives.regards.fr\/index.php?rest_route=%2Fwp%2Fv2%2Fmedia&parent=4001"}],"wp:term":[{"taxonomy":"category","embeddable":true,"href":"https:\/\/archives.regards.fr\/index.php?rest_route=%2Fwp%2Fv2%2Fcategories&post=4001"},{"taxonomy":"post_tag","embeddable":true,"href":"https:\/\/archives.regards.fr\/index.php?rest_route=%2Fwp%2Fv2%2Ftags&post=4001"}],"curies":[{"name":"wp","href":"https:\/\/api.w.org\/{rel}","templated":true}]}}