{"id":3994,"date":"2009-04-01T00:00:00","date_gmt":"2009-03-31T22:00:00","guid":{"rendered":"https:\/\/wp.muchomaas.com\/thierry-coville-reintegrer-l-iran3994\/"},"modified":"2009-04-01T00:00:00","modified_gmt":"2009-03-31T22:00:00","slug":"thierry-coville-reintegrer-l-iran3994","status":"publish","type":"post","link":"https:\/\/archives.regards.fr\/?p=3994","title":{"rendered":"Thierry Coville : \u00ab R\u00e9int\u00e9grer l&#8217;Iran dans le syst\u00e8me mondial \u00bb"},"content":{"rendered":"<p class=\"post_excerpt\"><em>(Article paru dans<\/em> Regards <em>n\u00b061, avril 2009<\/em>). En juin prochain, les Iraniens \u00e9liront leur pr\u00e9sident pour un nouveau mandat de quatre ans. Retour des r\u00e9formateurs aux affaires ou renouvellement de la confiance \u00e0 l&#8217;ultraconservateur Ahmadinejad ? Quelle que soit l&#8217;issue du scrutin, les questions du nucl\u00e9aire et du leadership r\u00e9gional restent des points de tension, notamment avec les Etats-Unis. Mais la volont\u00e9 de dialogue semble bien l\u00e0. <\/p>\n<p>Lorsque la nouvelle secr\u00e9taire d&#8217;Etat am\u00e9ricaine Hillary Clinton a effectu\u00e9 sa premi\u00e8re visite au Proche-Orient, d\u00e9but mars, elle s&#8217;est vu remettre par les autorit\u00e9s isra\u00e9liennes un document auquel elle ne s&#8217;attendait peut-\u00eatre pas si vite. Etabli par l&#8217;\u00e9quipe sortante (Olmert-Livni-Barak) et vis\u00e9 par le nouvel arrivant (Netanyahou), ce plan indique rien moins que<em> \u00ables lignes rouges\u00bb <\/em> \u00e0 ne pas franchir lors des discussions que Washington dit vouloir mener avec T\u00e9h\u00e9ran [[<em>\u00abIsrael to present Clinton with \u00abred lines\u00bb on talks with Iran\u00bb <\/em>,<em> Haaretz<\/em>, 03 mars 2009]]&#8230; Trente ans apr\u00e8s la R\u00e9volution qui a d\u00e9bouch\u00e9 sur l&#8217;instauration, le 1er avril 1979, de la R\u00e9publique islamique d&#8217;Iran, ce pays de 70 millions d&#8217;habitants reste au c\u0153ur des tensions internationales. Combin\u00e9es \u00e0 la communication agressive de la croisade bushiste contre<em> \u00abl&#8217;axe du mal\u00bb <\/em>, les diatribes d&#8217;Ahmadinejad et les tensions r\u00e9currentes autour du nucl\u00e9aire ont contribu\u00e9 ces derni\u00e8res ann\u00e9es \u00e0 renforcer dans l&#8217;opinion occidentale une image hostile et mena\u00e7ante du pays et de son<em> \u00abr\u00e9gime des mollahs\u00bb <\/em>.  Au-del\u00e0 de ces visions h\u00e2tives et fort peu nuanc\u00e9es, l&#8217;\u00e9conomiste Thierry Coville s&#8217;est efforc\u00e9, dans un r\u00e9cent ouvrage, de rendre compte de toute la complexit\u00e9 de l&#8217;Iran. Relevant que <em>\u00abl&#8217;incapacit\u00e9 [du r\u00e9gime] \u00e0 construire une soci\u00e9t\u00e9 islamique id\u00e9ale l&#8217;a conduit \u00e0 pratiquer en permanence un double discours o\u00f9 l&#8217;on vante le succ\u00e8s d&#8217;un mod\u00e8le islamique en pratiquant souvent des politiques qui doivent peu aux pr\u00e9ceptes religieux\u00bb<\/em>, il y d\u00e9crit cette <em>\u00abn\u00e9gociation permanente de la soci\u00e9t\u00e9 avec elle-m\u00eame\u00bb<\/em>. Une soci\u00e9t\u00e9 prise entre les mots d&#8217;ordre religieux radicaux du r\u00e9gime et les courants de modernisation qui irriguent de nombreuses couches de sa population. D\u00e9cryptage des enjeux de l&#8217;\u00e9lection de juin. <strong> E.R. <\/strong><\/p>\n<p><strong>Regards.fr: <em>Quel bilan peut-on tirer de ce mandat de Mahmoud Ahmadinejad sur le plan social, \u00e9conomique mais aussi sur l&#8217;\u00e9volution du champ politique iranien ?<\/em> <\/strong><\/p>\n<p><strong>Thierry Coville:<\/strong> Le gros point faible est son bilan \u00e9conomique : on lui reproche d&#8217;avoir d\u00e9pens\u00e9 trop rapidement les revenus p\u00e9troliers du pays et cela alors qu&#8217;il a b\u00e9n\u00e9fici\u00e9 d&#8217;une conjoncture exceptionnelle ces derni\u00e8res ann\u00e9es, avec des recettes p\u00e9troli\u00e8re \u00e9voluant entre 60 et 80 milliards de dollars par an&#8230; Depuis la R\u00e9volution, l&#8217;Iran vit avec une inflation moyenne de 20 %. Mais elle est aujourd&#8217;hui \u00e0 30 % alors qu&#8217;au moment de son arriv\u00e9e au pouvoir, elle \u00e9tait \u00e0 11 %. C&#8217;est donc sur ce terrain que lui sont adress\u00e9s les plus lourds reproches. Il est aussi accus\u00e9 de souffrir d&#8217;un manque d&#8217;expertise. Lui et son entourage n&#8217;ont pas atteint les objectifs annonc\u00e9s, notamment en mati\u00e8re de justice sociale : pour les salari\u00e9s qui n&#8217;ont ni l&#8217;opportunit\u00e9 de compl\u00e9ter avec un revenu d&#8217;appoint, ni patrimoine immobilier, la vie est devenue tr\u00e8s difficile en Iran. Enfin, si sa politique a \u00e9t\u00e9\u00a0moins dure que pr\u00e9vu sur les questions d&#8217;ordre moral, ce n&#8217;est pas le cas au niveau des libert\u00e9s individuelles : des leaders syndicaux en particulier mais aussi \u00e9tudiants et f\u00e9ministes, ont subi la r\u00e9pression et ont \u00e9t\u00e9 emprisonn\u00e9s.<\/p>\n<p>C\u00f4t\u00e9 positif, son activisme est appr\u00e9ci\u00e9. Mahmoud Ahmadinejad s&#8217;est beaucoup d\u00e9plac\u00e9, notamment dans les campagnes, o\u00f9 il a d\u00e9pens\u00e9 de l&#8217;argent pour les \u00e9coles, les h\u00f4pitaux, etc. Ses d\u00e9tracteurs objectent qu&#8217;il s&#8217;agissait de travaux pr\u00e9vus de longue date mais les habitants de ces zones rurales ont appr\u00e9ci\u00e9. D&#8217;autant que l&#8217;homme est un populiste qui va au contact. Il joue beaucoup sur le nationalisme, un sentiment tr\u00e8s fort, central, en Iran et cela passe bien du c\u00f4t\u00e9 des classes populaires.  De plus, les Iraniens le consid\u00e8rent comme quelqu&#8217;un d&#8217;honn\u00eate, non corrompu, une qualit\u00e9 qu&#8217;ils pr\u00eatent rarement \u00e0 leurs dirigeants. Par contre, avec l&#8217;\u00e9lite qui \u00e9tait d\u00e9j\u00e0 oppos\u00e9e \u00e0 son arriv\u00e9e au pouvoir en 2005, le foss\u00e9 s&#8217;est creus\u00e9. Dans le champ politique, il a surtout contribu\u00e9 \u00e0 faire bouger les lignes du rapport au guide de la R\u00e9volution, Ali Khamenei. Son activisme et son culot ont r\u00e9hauss\u00e9 le statut et la place du pr\u00e9sident dans le syst\u00e8me iranien.<\/p>\n<p><strong> <em>Quelles seront les forces en pr\u00e9sence en juin et que faut-il attendre de ce scrutin ?<\/em> <\/strong> <\/p>\n<p>Cela peut bouger [[Mohamad Khatami, pr\u00e9sident de 1997 \u00e0 2005, a annonc\u00e9 son retrait de la course le 16 mars, appelant \u00e0 se mobiliser pour Mir Hossein Moussavi, ancien premier ministre dans les ann\u00e9es 1980.]], mais c\u00f4t\u00e9 r\u00e9formateur, Mehdi Karroubi, religieux r\u00e9formateur et ancien chef du Parlement a annonc\u00e9 sa candidature. On a aussi parl\u00e9 un moment d&#8217;Abdollah Nouri, ancien ministre de l&#8217;int\u00e9rieur, qui fut longtemps emprisonn\u00e9 [[Accus\u00e9 d&#8217;insulter les valeurs islamiques, de publications antireligieuses, de perturbation de l&#8217;opinion publique, d&#8217;insultes \u00e0 personnalit\u00e9s officielles, Abdollah Nouri a \u00e9t\u00e9 emprisonn\u00e9 au d\u00e9but des ann\u00e9es 2000.]], mais il semble qu&#8217;il n&#8217;y a pas eu de consensus sur ce nom. C\u00f4t\u00e9 conservateur, Mahmoud Ahmadinejad, que l&#8217;on peut assimiler \u00e0 l&#8217;extr\u00eame droite, devrait se repr\u00e9senter. Mais il devrait aussi y avoir Mohamad-Bagher Qalibaf, l&#8217;actuel maire de T\u00e9h\u00e9ran, plus mod\u00e9r\u00e9. Il faut aussi pr\u00eater attention \u00e0 Ari Larijani, qui serait aujourd&#8217;hui pressenti par les dirigeants et les \u00e9lites pour mener \u00e0 bien les discussions avec les Etats-Unis. Ce qui est logique puisqu&#8217;il a une exp\u00e9rience dans le domaine des relations internationales, il a \u00e9t\u00e9 le n\u00e9gociateur sur la question nucl\u00e9aire, il conna\u00eet bien Javier Solana&#8230; Certains le voient donc en favori mais en r\u00e9alit\u00e9 il est tr\u00e8s difficile aujourd&#8217;hui de faire des pronostics. Si le taux de participation est \u00e9lev\u00e9, cela devrait b\u00e9n\u00e9ficier aux r\u00e9formateurs. Mais est-ce que cet \u00e9lectorat a fini de ruminer sa col\u00e8re contre Khatami qui n&#8217;a pas su et pas pu aller au bout de sa politique de r\u00e9formes ? Nul ne conna\u00eet la r\u00e9ponse et elle est d\u00e9terminante. Par ailleurs, il ne faut pas oublier que la d\u00e9faite d&#8217;Ahmadinejad est loin d&#8217;\u00eatre acquise.<\/p>\n<p><strong> <em>Au moment o\u00f9 Barack Obama arrive \u00e0 la Maison Blanche en disant vouloir renouer le dialogue avec T\u00e9h\u00e9ran, c&#8217;est une \u00e9quipe de faucons qui prend le pouvoir \u00e0 Tel-Aviv. La perspective de la guerre annonc\u00e9e s&#8217;\u00e9loigne-t-elle ou non ?<\/em> <\/strong><\/p>\n<p>La question de la guerre en Iran s&#8217;est effectivement pos\u00e9e puisqu&#8217;on sait qu&#8217;elle a \u00e9t\u00e9 envisag\u00e9e par une partie de l&#8217;\u00e9quipe Bush. Cela aurait \u00e9t\u00e9 une pure folie, b\u00e2tie sur cette id\u00e9e occidentale irr\u00e9elle que m\u00eame en arrivant par la force dans un pays, les populations civiles tendent les bras ! Il reste beaucoup d&#8217;incertitude sur ce que peut ou va faire la nouvelle administration des Etats-Unis, mais elle appara\u00eet pragmatique et ce qui se passe actuellement va plut\u00f4t dans le bon sens. Le changement de ton du c\u00f4t\u00e9 de Washington donne l&#8217;espoir de sortir de cette crise du nucl\u00e9aire qui, en fait, masque la question de la relation entre les Etats-Unis et l&#8217;Iran, et celle de l&#8217;antagonisme avec Isra\u00ebl. C\u00f4t\u00e9 iranien, ils semblent pr\u00eats \u00e0 discuter s\u00e9rieusement. Ils ont commenc\u00e9 sur l&#8217;Irak et la situation s&#8217;y est, de ce fait, un peu am\u00e9lior\u00e9e. Il est d&#8217;ailleurs possible que les discussions aient aussi d\u00e9j\u00e0 \u00e9t\u00e9 entam\u00e9es, de fa\u00e7on non officielle, avec la nouvelle administration Obama&#8230; Par contre, le symbole Etats-Unis reste si fort en Iran qu&#8217;il ne faut pas s&#8217;attendre \u00e0 une normalisation rapide des relations. Cela ne se fera pas du jour au lendemain.<\/p>\n<p>L&#8217;arriv\u00e9e d&#8217;un gouvernement de droite en Isra\u00ebl ne change, elle, pas grand-chose. L&#8217;antisionisme est un \u00e9l\u00e9ment fondamental de la R\u00e9publique islamique d&#8217;Iran. L&#8217;un des premiers gestes du nouveau r\u00e9gime, au lendemain de la R\u00e9volution, a \u00e9t\u00e9 de prendre l&#8217;ambassade d&#8217;Isra\u00ebl et de la remettre \u00e0 l&#8217;OLP. Pour autant, le discours actuel tr\u00e8s radical \u00e0 l&#8217;\u00e9gard d&#8217;Isra\u00ebl est aussi tenu pour des raisons de politique r\u00e9gionale : il s&#8217;agit, en se pla\u00e7ant en t\u00eate des pays oppos\u00e9s \u00e0 Isra\u00ebl, de renouer avec un leadership au Moyen-Orient. On est l\u00e0 dans un rapport de puissances, un rapport de forces qui s&#8217;\u00e9tablit \u00e0 coup de menaces et dans lequel la perspective d&#8217;une guerre est en partie utilis\u00e9e \u00e0 des fins de politique int\u00e9rieure, y compris en Isra\u00ebl. Un conflit ne ferait qu&#8217;aggraver la situation en Iran m\u00eame o\u00f9 l&#8217;\u00e9volution, r\u00e9elle, que vit la soci\u00e9t\u00e9 conna\u00eetrait un recul \u00e9norme. Et au niveau r\u00e9gional, les cons\u00e9quences seraient d\u00e9sastreuses. Il faut souhaiter que cette hypoth\u00e8se militaire, souvent brandie, soit d\u00e9finitivement \u00e9cart\u00e9e.<\/p>\n<p><strong> <em>L&#8217;Egypte et l&#8217;Arabie saoudite, alli\u00e9s des Etats-Unis, n&#8217;ont de cesse de mettre en garde contre la constitution, au sein du monde arabe, d&#8217;un<\/em> \u00abaxe chiite\u00bb <em>qui serait au service de l&#8217;h\u00e9g\u00e9monie iranienne. Qu&#8217;en pensez-vous ?<\/em> <\/strong> <\/p>\n<p>Ce sont bien les r\u00e9gimes sunnites de la r\u00e9gion qui jouent sur ces peurs mais, selon moi, cette histoire d&#8217;arc chiite ne recouvre aucune r\u00e9alit\u00e9. Chacun sait bien que l&#8217;Iran a particip\u00e9 \u00e0 la cr\u00e9ation du Hezbollah libanais et qu&#8217;il soutient le Hamas, ce n&#8217;est pas la question. Mais il n&#8217;existe pas dans la r\u00e9gion un pouvoir chiite qui serait bas\u00e9 \u00e0 T\u00e9h\u00e9ran et commanderait les actions de tous ces groupes en appuyant sur des boutons ! Ils ont une r\u00e9elle autonomie de d\u00e9cision et si un mouvement comme le Hezbollah perdure au Liban, c&#8217;est avant tout parce qu&#8217;il y dispose d&#8217;un fort ancrage et d&#8217;une forte l\u00e9gitimit\u00e9 nationale.<\/p>\n<p><strong> <em>Le dernier rapport de l&#8217;Agence internationale de l&#8217;\u00e9nergie atomique fait \u00e9tat d&#8217;avanc\u00e9es significatives de l&#8217;Iran dans sa marche vers l&#8217;acquisition des technologies nucl\u00e9aires. Comment va \u00e9voluer ce dossier qui constitue la pierre d&#8217;achoppement des relations entre T\u00e9h\u00e9ran et la communaut\u00e9 internationale ?<\/em> <\/strong> <\/p>\n<p>L&#8217;une des r\u00e9ussites de Mahmoud Ahmadinejad est d&#8217;avoir fait du nucl\u00e9aire une cause nationale. Il faut noter que lui, il parle sans cesse de l&#8217;acc\u00e8s \u00e0 la technologie nucl\u00e9aire, pas de la bombe&#8230; Et de fait, c&#8217;est bien seulement sur la base de ses intentions suppos\u00e9es que l&#8217;Iran est somm\u00e9 de rendre des comptes dans ce dossier. Cette question nucl\u00e9aire est \u00e9videmment importante [[ Lire<em> \u00abProlif\u00e9ration nucl\u00e9aire : un moment charni\u00e8re\u00bb <\/em>, entretien avec Georges Le Guelte dans<em> Regards <\/em> n\u00b0 39, avril 2007]] mais je ne pense pas qu&#8217;il faille tout focaliser l\u00e0-dessus, au contraire. La meilleure fa\u00e7on de sortir de cette crise, c&#8217;est de consid\u00e9rer enfin l&#8217;Iran dans sa complexit\u00e9 et de le r\u00e9int\u00e9grer peu \u00e0 peu dans le syst\u00e8me mondial. Il faut qu&#8217;il retrouve sa place dans un certain nombre d&#8217;actions sur le plan international. <\/p>\n","protected":false},"excerpt":{"rendered":"<p><em>(Article paru dans<\/em> Regards <em>n\u00b061, avril 2009<\/em>). En juin prochain, les Iraniens \u00e9liront leur pr\u00e9sident pour un nouveau mandat de quatre ans. Retour des r\u00e9formateurs aux affaires ou renouvellement de la confiance \u00e0 l&#8217;ultraconservateur Ahmadinejad ? Quelle que soit l&#8217;issue du scrutin, les questions du nucl\u00e9aire et du leadership r\u00e9gional restent des points de tension, notamment avec les Etats-Unis. Mais la volont\u00e9 de dialogue semble bien l\u00e0. <\/p>\n","protected":false},"author":558,"featured_media":0,"comment_status":"open","ping_status":"open","sticky":false,"template":"","format":"standard","meta":{"_themeisle_gutenberg_block_has_review":false,"footnotes":""},"categories":[141],"tags":[293,333],"class_list":["post-3994","post","type-post","status-publish","format-standard","hentry","category-archives-web","tag-entretien","tag-proche-et-moyen-orient"],"_links":{"self":[{"href":"https:\/\/archives.regards.fr\/index.php?rest_route=\/wp\/v2\/posts\/3994","targetHints":{"allow":["GET"]}}],"collection":[{"href":"https:\/\/archives.regards.fr\/index.php?rest_route=\/wp\/v2\/posts"}],"about":[{"href":"https:\/\/archives.regards.fr\/index.php?rest_route=\/wp\/v2\/types\/post"}],"author":[{"embeddable":true,"href":"https:\/\/archives.regards.fr\/index.php?rest_route=\/wp\/v2\/users\/558"}],"replies":[{"embeddable":true,"href":"https:\/\/archives.regards.fr\/index.php?rest_route=%2Fwp%2Fv2%2Fcomments&post=3994"}],"version-history":[{"count":0,"href":"https:\/\/archives.regards.fr\/index.php?rest_route=\/wp\/v2\/posts\/3994\/revisions"}],"wp:attachment":[{"href":"https:\/\/archives.regards.fr\/index.php?rest_route=%2Fwp%2Fv2%2Fmedia&parent=3994"}],"wp:term":[{"taxonomy":"category","embeddable":true,"href":"https:\/\/archives.regards.fr\/index.php?rest_route=%2Fwp%2Fv2%2Fcategories&post=3994"},{"taxonomy":"post_tag","embeddable":true,"href":"https:\/\/archives.regards.fr\/index.php?rest_route=%2Fwp%2Fv2%2Ftags&post=3994"}],"curies":[{"name":"wp","href":"https:\/\/api.w.org\/{rel}","templated":true}]}}