{"id":3961,"date":"2009-03-05T00:00:00","date_gmt":"2009-03-04T23:00:00","guid":{"rendered":"https:\/\/wp.muchomaas.com\/sexisme-partout-femnistes-partout3961\/"},"modified":"2009-03-05T00:00:00","modified_gmt":"2009-03-04T23:00:00","slug":"sexisme-partout-femnistes-partout3961","status":"publish","type":"post","link":"https:\/\/archives.regards.fr\/?p=3961","title":{"rendered":"Sexisme partout. F\u00e9mnistes partout !"},"content":{"rendered":"<p>Manifestation f\u00e9ministe samedi 7 mars place de la R\u00e9publique 16h<\/p>\n<p>Pour la journ\u00e9e internationale des luttes f\u00e9ministes (8 mars), une manifestation aura lieu samedi 7 mars depuis la place de la R\u00e9publique jusqu&#8217;\u00e0 Beaubourg.<\/p>\n<p>Nous d\u00e9non\u00e7ons le sexisme et revendiquons l&#8217;\u00e9mancipation de touTEs sans exclusive : femmes, trans, racis\u00e9Es et blancHEs, lesbiennes, sans et avec papiers, prostitu\u00e9Es&#8230; <\/p>\n<p>Nous affirmons nos exigences \u00e0 vivre comme nous l&#8217;entendons, dans nos sexualit\u00e9s, au quotidien, au travail, etc. Nous luttons contre les violences qui nous sont faites, sous forme l\u00e9gale et sous couvert de bonne moralit\u00e9. Nous d\u00e9non\u00e7ons le m\u00e9pris, les humiliations, les surcharges de travaux non reconnus, les coups, les assassinats&#8230; produits par le sexisme.<\/p>\n<p>Nous sommes fi\u00e8rEs d&#8217;\u00eatre f\u00e9ministes et d\u00e9termin\u00e9Es \u00e0 mettre \u00e0 bas le patriarcat ! <\/p>\n<p>Rendez-vous \u00e0 16h place de la R\u00e9publique \u00e0 Paris.<\/p>\n<p>Les signataires de l&#8217;appel \u00e0 cette manifestation sont :<\/p>\n<p>Alternative Libertaire, Atelier de lectures f\u00e9ministes (cip-idf), CFPE (Collectif des F\u00e9ministes Pour l&#8217;\u00c9galit\u00e9), Droits et prostitution, \u00c9tudions Gayment, collectif Langues de putes, collectif Les mots sont importants, Mix-Cit\u00e9 Paris, Les Panth\u00e8res roses, Pari-T, les Putes, le Torchon br\u00fble toujours, les TumulTueuses<\/p>\n<p>Plus de renseignements : http:\/\/www.feministespartout.blogspot.com\/<\/p>\n<p>[[Sexisme partout. FEMINISTES PARTOUT !<br \/>\n]]Si vous aussi vous \u00eates fatigu\u00e9Es par le paternalisme qui parle \u00e0 notre place, ou par la violence qui cherche \u00e0 nous faire taire, rejoignez-nous \u00e0 la manifestation f\u00e9ministe du 7 mars 2009 !<\/p>\n<p>Parce qu&#8217;il existe pour la majorit\u00e9 des gens toujours deux classes distinctes, les femmes et les hommes, et qu&#8217;il vaut mieux appartenir \u00e0 la seconde qu&#8217;\u00e0 la premi\u00e8re. Parce que nous revendiquons d&#8217;avoir le choix : de notre sexe, de notre genre, de notre sexualit\u00e9. Parce que nous d\u00e9sirons que les femmes, et touTEs leurs alli\u00e9Es, puissent s&#8217;approprier leur corps et ses repr\u00e9sentations, sans devoir se conformer aux injonctions de normes oppressantes, r\u00e9ductrices et st\u00e9r\u00e9otyp\u00e9es, v\u00e9hicul\u00e9es dans tous les domaines.<\/p>\n<p>Parce qu&#8217;il existe mille fa\u00e7ons de faire rentrer dans le \u00ab droit chemin \u00bb les insurg\u00e9Es contre leur sexe, leur genre, leur destin obligatoire : de l&#8217;assignation forc\u00e9e des intersexes par mutilations g\u00e9nitales, au viol de repr\u00e9sailles contre les lesbiennes ; de la psychiatrisation des trans&#8217;, aux violences masculines les plus r\u00e9guli\u00e8res : en France, tous les trois jours, une femme est assassin\u00e9e par l&#8217;homme avec qui elle vit.<\/p>\n<p>Parce que notre sant\u00e9 passe en dernier, parce que le droit des femmes \u00e0 disposer de leur corps est sans cesse remis en question, comme le montre la r\u00e9cente remise en cause du financement public du Planning familial et de nombreuses autres associations d&#8217;\u00e9ducation populaire, parce que le savoir gyn\u00e9cologique est accapar\u00e9 par les m\u00e9decins, la contraception pas toujours rembours\u00e9e, le droit \u00e0 l&#8217;IVG menac\u00e9 sous l&#8217;influence de l&#8217;\u00c9glise catholique. Parce que, partout, les institutions qui exercent un pouvoir au nom de la religion ou d&#8217;une autorit\u00e9 morale ou politique pr\u00e9tendent toujours contr\u00f4ler nos corps.<\/p>\n<p>Parce que nous sommes largement touch\u00e9es par le VIH, discrimin\u00e9es dans les essais par les labos qui ne prennent pas en compte notre m\u00e9tabolisme sp\u00e9cifique, parce que nous n&#8217;avons pas le m\u00eame acc\u00e8s \u00e0 des traitements de qualit\u00e9, parce que nous sommes n\u00e9glig\u00e9es dans les campagnes de pr\u00e9vention publiques, parce que, pr\u00e9caris\u00e9es, nous sommes particuli\u00e8rement touch\u00e9es par les attaques contre la S\u00e9curit\u00e9 Sociale, et notamment par l&#8217;instauration des franchises, ou par la remise en cause de l&#8217;h\u00f4pital public.<\/p>\n<p>Parce que nous sommes pr\u00e9caires et trop souvent \u00e0 temps partiel sans l&#8217;avoir choisi, que nous sommes toujours moins pay\u00e9es que les hommes \u00e0 travail \u00e9gal et \u00e0 qualifications \u00e9gales, et que nous effectuons l&#8217;immense majorit\u00e9 du travail gratuit appel\u00e9 \u00ab travail domestique \u00bb. Parce que nous sommes les premi\u00e8res \u00e0 payer la crise et le d\u00e9mant\u00e8lement des services publics. Parce que, malgr\u00e9 les lois et les effets d&#8217;annonce, le domaine public et politique nous reste toujours largement ferm\u00e9.<\/p>\n<p>Parce qu&#8217;en tant que femmes racialis\u00e9es, nous luttons dans tous les domaines contre cette double oppression raciste et sexiste. Parce que la logique du racisme s&#8217;attaque directement \u00e0 notre droit \u00e0 disposer librement de notre corps. Parce qu&#8217;elle op\u00e8re par exclusion, comme la loi sur le port de signes religieux \u00e0 l&#8217;\u00e9cole qui pr\u00e9tend nous \u00ab prot\u00e9ger \u00bb : en particulier les filles musulmanes : et en fait contribue \u00e0 nous stigmatiser, \u00e0 nous enfermer dans le statut de \u00ab victimes \u00bb et \u00e0 nous marginaliser. <\/p>\n<p>Parce que, sans papiers, nous souffrons tout \u00e0 la fois de la pr\u00e9carit\u00e9, de la politique raciste du gouvernement fran\u00e7ais, des remises en cause du droit au regroupement familial, de l&#8217;intensification des interpellations polici\u00e8res. Parce que ce climat r\u00e9pressif nous \u00e9loigne encore davantage de l&#8217;acc\u00e8s aux soins.<\/p>\n<p>Parce qu&#8217;en tant que prostitu\u00e9Es, nous sommes m\u00e9pris\u00e9Es, harcel\u00e9Es et criminalis\u00e9Es par la loi sur la s\u00e9curit\u00e9 int\u00e9rieure (LSI) de 2003. Parce que le d\u00e9lit de racolage passif accro\u00eet notre pr\u00e9carit\u00e9 et notre clandestinit\u00e9 et que nous ne pouvons pas exercer notre activit\u00e9 dans des conditions d\u00e9centes et qui nous prot\u00e8gent.<\/p>\n<p>Pour un f\u00e9minisme qui refuse de voir son discours r\u00e9cup\u00e9r\u00e9 \u00e0 des fins racistes, qui sache se d\u00e9multiplier, concevoir l&#8217;\u00e9mancipation sous toutes ses formes, un f\u00e9minisme offensif qui lutte pleinement contre le syst\u00e8me patriarcal et toutes les oppressions, qu&#8217;elles soient de classe, sexiste, raciste ou li\u00e9es \u00e0 la sexualit\u00e9, un f\u00e9minisme qui se revendique aussi des f\u00e9minismes non-blancs, trans&#8217; et lesbiens.<\/p>\n<p>Venez combattre le patriarcat ! Venez exiger vos droits ! Venez marcher avec nous !<\/p>\n<p>\u00c0 l&#8217;appel de :<\/p>\n<p>Alternative Libertaire, Atelier de lectures f\u00e9ministes (cip-idf), CFPE (Collectif des F\u00e9ministes Pour l&#8217;\u00c9galit\u00e9), Droits et prostitution, \u00c9tudions Gayment, collectif Langues de putes, collectif Les mots sont importants, Mix-Cit\u00e9 Paris, Les Panth\u00e8res roses, Pari-T, les Putes, le Torchon br\u00fble toujours, les TumulTueuses<\/p>\n","protected":false},"excerpt":{"rendered":"<p>Manifestation f\u00e9ministe samedi 7 mars place de la R\u00e9publique 16h Pour la journ\u00e9e internationale des luttes f\u00e9ministes (8 mars), une manifestation aura lieu samedi 7 mars depuis la place de la R\u00e9publique jusqu&#8217;\u00e0 Beaubourg. Nous d\u00e9non\u00e7ons le sexisme et revendiquons l&#8217;\u00e9mancipation de touTEs sans exclusive : femmes, trans, racis\u00e9Es et blancHEs, lesbiennes, sans et avec [&hellip;]<\/p>\n","protected":false},"author":1,"featured_media":0,"comment_status":"open","ping_status":"open","sticky":false,"template":"","format":"standard","meta":{"_themeisle_gutenberg_block_has_review":false,"footnotes":""},"categories":[141],"tags":[306],"class_list":["post-3961","post","type-post","status-publish","format-standard","hentry","category-archives-web","tag-feminisme"],"_links":{"self":[{"href":"https:\/\/archives.regards.fr\/index.php?rest_route=\/wp\/v2\/posts\/3961","targetHints":{"allow":["GET"]}}],"collection":[{"href":"https:\/\/archives.regards.fr\/index.php?rest_route=\/wp\/v2\/posts"}],"about":[{"href":"https:\/\/archives.regards.fr\/index.php?rest_route=\/wp\/v2\/types\/post"}],"author":[{"embeddable":true,"href":"https:\/\/archives.regards.fr\/index.php?rest_route=\/wp\/v2\/users\/1"}],"replies":[{"embeddable":true,"href":"https:\/\/archives.regards.fr\/index.php?rest_route=%2Fwp%2Fv2%2Fcomments&post=3961"}],"version-history":[{"count":0,"href":"https:\/\/archives.regards.fr\/index.php?rest_route=\/wp\/v2\/posts\/3961\/revisions"}],"wp:attachment":[{"href":"https:\/\/archives.regards.fr\/index.php?rest_route=%2Fwp%2Fv2%2Fmedia&parent=3961"}],"wp:term":[{"taxonomy":"category","embeddable":true,"href":"https:\/\/archives.regards.fr\/index.php?rest_route=%2Fwp%2Fv2%2Fcategories&post=3961"},{"taxonomy":"post_tag","embeddable":true,"href":"https:\/\/archives.regards.fr\/index.php?rest_route=%2Fwp%2Fv2%2Ftags&post=3961"}],"curies":[{"name":"wp","href":"https:\/\/api.w.org\/{rel}","templated":true}]}}