{"id":3953,"date":"2009-03-04T00:00:00","date_gmt":"2009-03-03T23:00:00","guid":{"rendered":"https:\/\/wp.muchomaas.com\/modele-ce-n-est-pas-un-metier3953\/"},"modified":"2009-03-04T00:00:00","modified_gmt":"2009-03-03T23:00:00","slug":"modele-ce-n-est-pas-un-metier3953","status":"publish","type":"post","link":"https:\/\/archives.regards.fr\/?p=3953","title":{"rendered":"Mod\u00e8le, ce n&#8217;est pas un m\u00e9tier ?"},"content":{"rendered":"<p class=\"post_excerpt\"> Depuis octobre 2008, les mod\u00e8les se mobilisent \u00e0 Paris pour \u00eatre reconnus professionnellement. Les enjeux d&#8217;un m\u00e9tier \u00e0 part enti\u00e8re racont\u00e9 par une passionn\u00e9e. <\/p>\n<p>\u00abJ&#8217;ai commenc\u00e9 \u00e0 poser \u00e0 19 ans. Progressivement, le m\u00e9tier de mod\u00e8le m&#8217;a choisie. J&#8217;y revenais toujours pour compl\u00e9ter avec d&#8217;autres emplois. Depuis que je me suis install\u00e9e \u00e0 Paris, il y a quatre ans, je vis de ce m\u00e9tier. Les possibilit\u00e9s sont nombreuses dans cette capitale artistique. Mes principaux employeurs sont la Mairie de Paris et les Beaux-Arts, mais je travaille aussi pour des artistes, des centres culturels. C&#8217;est un m\u00e9tier toujours en mouvement, qui a besoin de tourner pour oxyg\u00e9ner la cr\u00e9ation. De la m\u00eame fa\u00e7on, les poses sont tr\u00e8s vari\u00e9es. Elles vont d&#8217;une seconde \u00e0 trois quarts d&#8217;heure. Le mod\u00e8le est tr\u00e8s souvent nu mais je peux aussi poser en mouvement, habill\u00e9e ou pour un portrait. Au-del\u00e0 de l&#8217;art de la pose, de porter la nudit\u00e9 sur une sellette, c&#8217;est un don de soi intense dans un temps plus ou moins court. Quand je pose, les esprits se concentrent dans un cadre \u00e9ph\u00e9m\u00e8re et privil\u00e9gi\u00e9 entre les artistes et le mod\u00e8le. Pendant ce temps de recherche artistique, je suis nue, mais aussi vuln\u00e9rable, pleine des sentiments qui m&#8217;habitent \u00e0 ce moment. Les artistes sont aussi nus dans leur incapacit\u00e9 \u00e0 saisir le mouvement du corps. Il y a un c\u00f4t\u00e9 tr\u00e8s humain dans ce m\u00e9tier, associant la beaut\u00e9 et l&#8217;imperfection, l&#8217;immobilit\u00e9 et le palpitant, la chair et les \u00e9motions. Je suis contente de porter cette dimension humaine. Par mon m\u00e9tier, j&#8217;ai l&#8217;impression d&#8217;ouvrir les yeux de certains \u00e9tudiants, de permettre un enseignement et l&#8217;expression artistique.<\/p>\n<p>Mais notre savoir-faire n&#8217;est pas assez consid\u00e9r\u00e9. Comme pour beaucoup de m\u00e9tiers difficiles, il y a le c\u00f4t\u00e9 physique. On vit avec les courants d&#8217;air, avec les crampes. Mais surtout, notre disponibilit\u00e9 est immense, et nous nous d\u00e9pla\u00e7ons plusieurs fois dans une journ\u00e9e. Or, nous vivons dans une pr\u00e9carit\u00e9 \u00e9norme, sans aucun statut. Pour les tarifs, en fonction des employeurs, \u00e7a va du simple au double ! Alors, pour la premi\u00e8re fois, les mod\u00e8les s&#8217;organisent \u00e0 Paris. Au d\u00e9but, quelques mod\u00e8les des Beaux-Arts se sont dit :<em> \u00abOn est vraiment mal pay\u00e9\u00bb <\/em>. Dans le m\u00eame temps, en septembre 2008, les<em> \u00abcornets\u00bb <\/em> qui circulaient \u00e0 la fin de chaque s\u00e9ance (1) ont \u00e9t\u00e9 interdits par la Mairie de Paris. Le comit\u00e9 des mod\u00e8les de la Ville de Paris et le Collectif des mod\u00e8les des Beaux-Arts (CoMBA) : (2) se sont constitu\u00e9s pour revendiquer le double de ce qu&#8217;on est pay\u00e9. On obtient toujours le m\u00eame type de r\u00e9ponse :<em> \u00abMod\u00e8le, ce n&#8217;est pas un m\u00e9tier.\u00bb <\/em> Des artistes diront pourtant qu&#8217;il y a des mod\u00e8les qui savent poser et d&#8217;autres non. Et m\u00eame si on a le soutien des professeurs et des dessinateurs, les n\u00e9gociations risquent d&#8217;\u00eatre longues. Nous ne pouvons faire peur par notre nombre donc on s&#8217;installe dans le temps, avec des actions telles que le rendez-vous<em> \u00ab15 + ou : 1\u00bb <\/em>. Les 14 ou 16 de chaque mois, les mod\u00e8les et les sympathisants sont appel\u00e9s \u00e0 se r\u00e9unir place Saint-Germain-des-Pr\u00e9s pour une op\u00e9ration \u00e0 dimension artistique. Le 14 f\u00e9vrier dernier, il \u00e9tait par exemple pr\u00e9vu de faire une r\u00e9v\u00e9rence d\u00e9ambulatoire au jardin des Tuileries, \u00e0 la m\u00e9moire des mod\u00e8les qui ont contribu\u00e9 \u00e0 la r\u00e9alisation de chaque sculpture. Nous prenons aussi le temps de r\u00e9diger une charte pour ouvrir la discussion sur une reconnaissance et un \u00e9ventuel statut. Il s&#8217;agit d&#8217;adapter aux conditions actuelles ce beau m\u00e9tier qui existe depuis que les hommes sculptent.\u00bb <\/p>\n<p><strong> Propos recueillis par Samuel Lehoux <\/strong><\/p>\n<p>1. Feuille roul\u00e9e o\u00f9 les \u00e9tudiants peuvent d\u00e9poser un peu d&#8217;argent pendant que le <\/p>\n<p>mod\u00e8le se rhabille.<\/p>\n<p>2. http:\/\/comba2008.wordpress.com<\/p>\n<p>Paru dans \/Regards\/\/ N\u00b060, mars 2009<\/p>\n","protected":false},"excerpt":{"rendered":"<p> Depuis octobre 2008, les mod\u00e8les se mobilisent \u00e0 Paris pour \u00eatre reconnus professionnellement. Les enjeux d&#8217;un m\u00e9tier \u00e0 part enti\u00e8re racont\u00e9 par une passionn\u00e9e. <\/p>\n","protected":false},"author":1,"featured_media":0,"comment_status":"open","ping_status":"open","sticky":false,"template":"","format":"standard","meta":{"_themeisle_gutenberg_block_has_review":false,"footnotes":""},"categories":[141],"tags":[304],"class_list":["post-3953","post","type-post","status-publish","format-standard","hentry","category-archives-web","tag-travail"],"_links":{"self":[{"href":"https:\/\/archives.regards.fr\/index.php?rest_route=\/wp\/v2\/posts\/3953","targetHints":{"allow":["GET"]}}],"collection":[{"href":"https:\/\/archives.regards.fr\/index.php?rest_route=\/wp\/v2\/posts"}],"about":[{"href":"https:\/\/archives.regards.fr\/index.php?rest_route=\/wp\/v2\/types\/post"}],"author":[{"embeddable":true,"href":"https:\/\/archives.regards.fr\/index.php?rest_route=\/wp\/v2\/users\/1"}],"replies":[{"embeddable":true,"href":"https:\/\/archives.regards.fr\/index.php?rest_route=%2Fwp%2Fv2%2Fcomments&post=3953"}],"version-history":[{"count":0,"href":"https:\/\/archives.regards.fr\/index.php?rest_route=\/wp\/v2\/posts\/3953\/revisions"}],"wp:attachment":[{"href":"https:\/\/archives.regards.fr\/index.php?rest_route=%2Fwp%2Fv2%2Fmedia&parent=3953"}],"wp:term":[{"taxonomy":"category","embeddable":true,"href":"https:\/\/archives.regards.fr\/index.php?rest_route=%2Fwp%2Fv2%2Fcategories&post=3953"},{"taxonomy":"post_tag","embeddable":true,"href":"https:\/\/archives.regards.fr\/index.php?rest_route=%2Fwp%2Fv2%2Ftags&post=3953"}],"curies":[{"name":"wp","href":"https:\/\/api.w.org\/{rel}","templated":true}]}}