{"id":3950,"date":"2009-03-01T00:00:00","date_gmt":"2009-02-28T23:00:00","guid":{"rendered":"https:\/\/wp.muchomaas.com\/elections-europeennes-tous3950\/"},"modified":"2009-03-01T00:00:00","modified_gmt":"2009-02-28T23:00:00","slug":"elections-europeennes-tous3950","status":"publish","type":"post","link":"https:\/\/archives.regards.fr\/?p=3950","title":{"rendered":"Elections europ\u00e9ennes : tous ensemble&#8230; divis\u00e9s"},"content":{"rendered":"<p>Face \u00e0 une droite qui continue de d\u00e9ployer sa politique n\u00e9olib\u00e9rale et son contr\u00f4le social, les mobilisations donnent du souffle. \u00c7a craque de partout, la col\u00e8re s&#8217;affirme, le slogan<em> \u00abr\u00eave g\u00e9n\u00e9ral\u00bb <\/em> se colle dans les manifestions. Ne boudons pas notre plaisir de voir s&#8217;\u00e9panouir le temps de la r\u00e9volte qui impr\u00e8gne des secteurs et des territoires tr\u00e8s divers de la soci\u00e9t\u00e9 fran\u00e7aise. Le d\u00e9bouch\u00e9 de ces luttes, c&#8217;est d&#8217;abord de gagner. Obtenir tr\u00e8s concr\u00e8tement des avanc\u00e9es en termes d&#8217;augmentation des revenus et des protections sociales, telle est l&#8217;urgence. Pas question pour autant d&#8217;en oublier l&#8217;alternative politique. Les crises \u00e9conomiques, \u00e9cologiques, sociales et d\u00e9mocratiques radicalisent les esprits et obligent les tenants d&#8217;une gauche de transformation sociale \u00e0 innover, \u00e0 \u00eatre en phase avec les exigences qui s&#8217;expriment, \u00e0 se mettre en situation de constituer une r\u00e9ponse : et non seulement un \u00e9cho \u00e0 la contestation. La prochaine \u00e9ch\u00e9ance \u00e9lectorale est europ\u00e9enne. On pourrait se dire :<em> \u00ab\u00e7a tombe bien, nous avons un acquis dans la gauche radicale, c&#8217;est la bataille du \u00abnon\u00bb au Trait\u00e9 constitutionnel europ\u00e9en et le scrutin de listes est favorable \u00e0 l&#8217;union des forces aujourd&#8217;hui \u00e9clat\u00e9es.\u00bb <\/em> <\/p>\n<p>Les convergences programmatiques et strat\u00e9giques ne posent pas de difficult\u00e9s. Sur le fond, quelles diff\u00e9rences substantielles opposent le PCF, le Parti de Gauche, le NPA et les mouvances de la F\u00e9d\u00e9ration? Aucune. Leurs acteurs ont fait tr\u00e9teaux communs en 2005 et d\u00e9fendent, pour l&#8217;essentiel, des propositions similaires. Des bases de contenu s\u00e9rieuses pour des listes communes d\u00e9fendant une Europe sociale, f\u00e9ministe et \u00e9cologique existent. L&#8217;impossibilit\u00e9 \u00e0 faire cause commune trouverait-elle davantage de motifs dans des strat\u00e9gies diff\u00e9rentes? Que nenni. La cogestion de l&#8217;Union europ\u00e9enne entre le Parti populaire europ\u00e9en et des d\u00e9mocrates europ\u00e9ens (PPE-ED), la droite, d&#8217;une part, et le Parti socialiste europ\u00e9en (PSE) rassemblant les socialistes, les travaillistes et les sociaux-d\u00e9mocrates, d&#8217;autre part, est une triste r\u00e9alit\u00e9, malheureusement appel\u00e9e \u00e0 perdurer. Les potentiels eurod\u00e9put\u00e9s de l&#8217;autre gauche seraient n\u00e9cessairement dans l&#8217;opposition au Parlement europ\u00e9en. Il n&#8217;y a aucun risque d&#8217;accord avec les sociaux-d\u00e9mocrates : exigence notamment port\u00e9e par le NPA qui se trouve l\u00e0 satisfaite sans ambigu\u00eft\u00e9. En effet, une gauche digne de ce nom ne saurait soutenir une majorit\u00e9 qui accompagne un syst\u00e8me dans lequel la pauvret\u00e9 de tous est mise au service du luxe de quelques-uns et d&#8217;un grand gaspillage d&#8217;\u00e9nergies et de richesses. Et pourtant&#8230; L&#8217;absurde est d\u00e9sormais \u00e0 port\u00e9e de main. La division qui se pr\u00e9pare pourrait conduire \u00e0 ce qu&#8217;aucun d\u00e9put\u00e9 ou presque ne repr\u00e9sente au Parlement europ\u00e9en les Fran\u00e7ais qui combattent la construction n\u00e9olib\u00e9rale de l&#8217;Union et qui ont vot\u00e9<em> \u00abnon\u00bb <\/em> au TCE en 2005. Le NPA multiplie les pr\u00e9ventions, la direction du PCF semble vouloir faire le tri entre les partenaires potentiels. <\/p>\n<p>Bref ! Au moment o\u00f9 se r\u00e9dige cet \u00e9dito, la messe semble dite : il n&#8217;y aura pas de front large de la gauche de gauche, le seul qui aurait permis de gagner en cr\u00e9dibilit\u00e9 et lisibilit\u00e9 pour travailler, \u00e0 l&#8217;\u00e9chelle europ\u00e9enne, \u00e0 la convergence des mobilisations sociales et des dynamiques politiques alternatives. Cela dit, l&#8217;heure du d\u00e9p\u00f4t des listes n&#8217;a pas encore sonn\u00e9, des r\u00e9unions nationales entre les parties sont pr\u00e9vues dans les semaines qui viennent, des voix unitaires sont encore bien d\u00e9cid\u00e9es \u00e0 se faire entendre. Et, comme on dit, un miracle est si vite arriv\u00e9&#8230;  <strong> C.A. <\/strong><\/p>\n<p>Paru dans<em> Regards <\/em> n\u00b060, mars 2009<\/p>\n","protected":false},"excerpt":{"rendered":"<p>Face \u00e0 une droite qui continue de d\u00e9ployer sa politique n\u00e9olib\u00e9rale et son contr\u00f4le social, les mobilisations donnent du souffle. \u00c7a craque de partout, la col\u00e8re s&#8217;affirme, le slogan \u00abr\u00eave g\u00e9n\u00e9ral\u00bb se colle dans les manifestions. Ne boudons pas notre plaisir de voir s&#8217;\u00e9panouir le temps de la r\u00e9volte qui impr\u00e8gne des secteurs et des [&hellip;]<\/p>\n","protected":false},"author":570,"featured_media":0,"comment_status":"open","ping_status":"open","sticky":false,"template":"","format":"standard","meta":{"_themeisle_gutenberg_block_has_review":false,"footnotes":""},"categories":[141],"tags":[328],"class_list":["post-3950","post","type-post","status-publish","format-standard","hentry","category-archives-web","tag-editorial"],"_links":{"self":[{"href":"https:\/\/archives.regards.fr\/index.php?rest_route=\/wp\/v2\/posts\/3950","targetHints":{"allow":["GET"]}}],"collection":[{"href":"https:\/\/archives.regards.fr\/index.php?rest_route=\/wp\/v2\/posts"}],"about":[{"href":"https:\/\/archives.regards.fr\/index.php?rest_route=\/wp\/v2\/types\/post"}],"author":[{"embeddable":true,"href":"https:\/\/archives.regards.fr\/index.php?rest_route=\/wp\/v2\/users\/570"}],"replies":[{"embeddable":true,"href":"https:\/\/archives.regards.fr\/index.php?rest_route=%2Fwp%2Fv2%2Fcomments&post=3950"}],"version-history":[{"count":0,"href":"https:\/\/archives.regards.fr\/index.php?rest_route=\/wp\/v2\/posts\/3950\/revisions"}],"wp:attachment":[{"href":"https:\/\/archives.regards.fr\/index.php?rest_route=%2Fwp%2Fv2%2Fmedia&parent=3950"}],"wp:term":[{"taxonomy":"category","embeddable":true,"href":"https:\/\/archives.regards.fr\/index.php?rest_route=%2Fwp%2Fv2%2Fcategories&post=3950"},{"taxonomy":"post_tag","embeddable":true,"href":"https:\/\/archives.regards.fr\/index.php?rest_route=%2Fwp%2Fv2%2Ftags&post=3950"}],"curies":[{"name":"wp","href":"https:\/\/api.w.org\/{rel}","templated":true}]}}