{"id":392,"date":"2016-08-23T12:02:27","date_gmt":"2016-08-23T10:02:27","guid":{"rendered":"https:\/\/wp.muchomaas.com\/breve-daniel-cohn-bendit\/"},"modified":"2016-08-23T12:02:27","modified_gmt":"2016-08-23T10:02:27","slug":"breve-daniel-cohn-bendit","status":"publish","type":"post","link":"https:\/\/archives.regards.fr\/?p=392","title":{"rendered":"Daniel Cohn-Bendit"},"content":{"rendered":"<p><em>\u00ab\u00a0On peut ne pas \u00eatre d\u2019accord avec ce qu\u2019il veut, mais<\/em> [Nicolas Sarkozy] <em>a une capacit\u00e9 incroyable \u00e0 \u00eatre pr\u00e9sident de la R\u00e9publique, \u00e7a, j\u2019en suis s\u00fbr.\u00a0\u00bb <\/em> (Europe 1, 23\/08\/2016)<\/p>\n","protected":false},"excerpt":{"rendered":"<p>\u00ab\u00a0On peut ne pas \u00eatre d\u2019accord avec ce qu\u2019il veut, mais [Nicolas Sarkozy] a une capacit\u00e9 incroyable \u00e0 \u00eatre pr\u00e9sident de la R\u00e9publique, \u00e7a, j\u2019en suis s\u00fbr.\u00a0\u00bb (Europe 1, 23\/08\/2016)<\/p>\n","protected":false},"author":1,"featured_media":0,"comment_status":"open","ping_status":"open","sticky":false,"template":"","format":"standard","meta":{"_themeisle_gutenberg_block_has_review":false,"footnotes":""},"categories":[284],"tags":[],"class_list":["post-392","post","type-post","status-publish","format-standard","hentry","category-declarama-breves"],"_links":{"self":[{"href":"https:\/\/archives.regards.fr\/index.php?rest_route=\/wp\/v2\/posts\/392","targetHints":{"allow":["GET"]}}],"collection":[{"href":"https:\/\/archives.regards.fr\/index.php?rest_route=\/wp\/v2\/posts"}],"about":[{"href":"https:\/\/archives.regards.fr\/index.php?rest_route=\/wp\/v2\/types\/post"}],"author":[{"embeddable":true,"href":"https:\/\/archives.regards.fr\/index.php?rest_route=\/wp\/v2\/users\/1"}],"replies":[{"embeddable":true,"href":"https:\/\/archives.regards.fr\/index.php?rest_route=%2Fwp%2Fv2%2Fcomments&post=392"}],"version-history":[{"count":0,"href":"https:\/\/archives.regards.fr\/index.php?rest_route=\/wp\/v2\/posts\/392\/revisions"}],"wp:attachment":[{"href":"https:\/\/archives.regards.fr\/index.php?rest_route=%2Fwp%2Fv2%2Fmedia&parent=392"}],"wp:term":[{"taxonomy":"category","embeddable":true,"href":"https:\/\/archives.regards.fr\/index.php?rest_route=%2Fwp%2Fv2%2Fcategories&post=392"},{"taxonomy":"post_tag","embeddable":true,"href":"https:\/\/archives.regards.fr\/index.php?rest_route=%2Fwp%2Fv2%2Ftags&post=392"}],"curies":[{"name":"wp","href":"https:\/\/api.w.org\/{rel}","templated":true}]}}