{"id":3911,"date":"2009-02-26T00:00:00","date_gmt":"2009-02-25T23:00:00","guid":{"rendered":"https:\/\/wp.muchomaas.com\/brutalites-policieres-rue-de-la3911\/"},"modified":"2009-02-26T00:00:00","modified_gmt":"2009-02-25T23:00:00","slug":"brutalites-policieres-rue-de-la3911","status":"publish","type":"post","link":"https:\/\/archives.regards.fr\/?p=3911","title":{"rendered":"Brutalit\u00e9s polici\u00e8res rue de la Banque"},"content":{"rendered":"<p>En image, les brutalit\u00e9s polici\u00e8res rue de la Banque.<\/p>\n<p>Cliquez ici :   http:\/\/www.dailymotion.com\/video\/x8hrf4_sans-brutalites_news<\/p>\n<p>Nous d\u00e9non\u00e7ons ces actes de brutalit\u00e9 contre des m\u00e8res et des p\u00e8res de<\/p>\n<p>familles qui veulent vivre dignement, dans un logement d\u00e9cent.<\/p>\n<p>COMMUNIQU\u00c9 &#8211; 17h<\/p>\n<p>volte face du Minist\u00e8re  et brutalit\u00e9s polici\u00e8res<\/p>\n<p>Nombreux CRS sont intervenus  contre les familles de la Rue de la Banque. 2 personnes, dont une des principales d\u00e9l\u00e9gu\u00e9e, ont \u00e9t\u00e9 hospitalis\u00e9es et 4 m\u00e8res de familles sont l\u00e9g\u00e8rement bless\u00e9es suite \u00e0 l&#8217;intervention de la police,  venue en grand nombre pour d\u00e9gager la chauss\u00e9e occup\u00e9es par les familles en lutte du camp de la rue de la Banque, une heure plus t\u00f4t.<\/p>\n<p>Lors de la r\u00e9union hier soir, o\u00f9 devait \u00eatre sign\u00e9 l&#8217;engagement de relogement,  les repr\u00e9sentants du Minist\u00e8re du logement ont  op\u00e9r\u00e9 un volte face remettant en cause l&#8217;accord de principe, \u00e9tabli le 13 f\u00e9vrier en pr\u00e9sence du Directeur de Cabinet de Mme Boutin. Ce retournement est de nature \u00e0 d\u00e9cr\u00e9dibiliser les autres engagements. <\/p>\n<p>En fin de matin\u00e9e, les familles , le DAL et le CDSL ont d\u00e9cid\u00e9 d&#8217;occuper pacifiquement la chauss\u00e9e devant le 24 rue de la banque, pour demander la signature d&#8217;un engagement au plus vite, conforme aux modalit\u00e9s d\u00e9finies ult\u00e9rieurement.<\/p>\n<p>Depuis 10 semaines, 4 r\u00e9unions ont \u00e9t\u00e9 mises sur pied, soit un d\u00e9lai moyen de 3 semaines entre chaque r\u00e9union, pendant que ces m\u00e8res de familles ont affront\u00e9 le froid tout l&#8217;hiver.<\/p>\n<p>Une fois de plus la force et la brutalit\u00e9 priment. Depuis le d\u00e9but de cette lutte, la r\u00e9pression est utilis\u00e9e pour r\u00e9duire le mouvement et d\u00e9courager ces familles.<\/p>\n<p>Vers 18h, le si\u00e8ge policier a \u00e9t\u00e9 lev\u00e9. Deux cars de police restent \u00e0 proximit\u00e9.<\/p>\n<p>Un toit c&#8217;est un droit !<\/p>\n<p>Application de la LOI de r\u00e9quisition ! <\/p>\n<p>AGENDA :<\/p>\n<p>Proc\u00e8s en appel contre la condamnation du DAL \u00e0 12 000 euros d&#8217;amende : <\/p>\n<p>mercredi 4 mars, \u00e0 13h30 : Palais de justice<\/p>\n<p>Manif contre les expulsions et pour le droit au logement<\/p>\n<p>Dimanche 15 mars, 14h30 \u00e0 R\u00e9publique<\/p>\n<p>+ d&#8217;infos : <http:\/\/www.droitaulogement.org\/>  <\/p>\n<p>P\u00e9tition de soutien au DAL : <\/p>\n<p>http:\/\/www.droitaulogement.org\/petitions\/index.php<\/p>\n","protected":false},"excerpt":{"rendered":"<p>En image, les brutalit\u00e9s polici\u00e8res rue de la Banque. Cliquez ici : http:\/\/www.dailymotion.com\/video\/x8hrf4_sans-brutalites_news Nous d\u00e9non\u00e7ons ces actes de brutalit\u00e9 contre des m\u00e8res et des p\u00e8res de familles qui veulent vivre dignement, dans un logement d\u00e9cent. COMMUNIQU\u00c9 &#8211; 17h volte face du Minist\u00e8re et brutalit\u00e9s polici\u00e8res Nombreux CRS sont intervenus contre les familles de la Rue [&hellip;]<\/p>\n","protected":false},"author":1,"featured_media":0,"comment_status":"open","ping_status":"open","sticky":false,"template":"","format":"standard","meta":{"_themeisle_gutenberg_block_has_review":false,"footnotes":""},"categories":[141],"tags":[316],"class_list":["post-3911","post","type-post","status-publish","format-standard","hentry","category-archives-web","tag-securitaire"],"_links":{"self":[{"href":"https:\/\/archives.regards.fr\/index.php?rest_route=\/wp\/v2\/posts\/3911","targetHints":{"allow":["GET"]}}],"collection":[{"href":"https:\/\/archives.regards.fr\/index.php?rest_route=\/wp\/v2\/posts"}],"about":[{"href":"https:\/\/archives.regards.fr\/index.php?rest_route=\/wp\/v2\/types\/post"}],"author":[{"embeddable":true,"href":"https:\/\/archives.regards.fr\/index.php?rest_route=\/wp\/v2\/users\/1"}],"replies":[{"embeddable":true,"href":"https:\/\/archives.regards.fr\/index.php?rest_route=%2Fwp%2Fv2%2Fcomments&post=3911"}],"version-history":[{"count":0,"href":"https:\/\/archives.regards.fr\/index.php?rest_route=\/wp\/v2\/posts\/3911\/revisions"}],"wp:attachment":[{"href":"https:\/\/archives.regards.fr\/index.php?rest_route=%2Fwp%2Fv2%2Fmedia&parent=3911"}],"wp:term":[{"taxonomy":"category","embeddable":true,"href":"https:\/\/archives.regards.fr\/index.php?rest_route=%2Fwp%2Fv2%2Fcategories&post=3911"},{"taxonomy":"post_tag","embeddable":true,"href":"https:\/\/archives.regards.fr\/index.php?rest_route=%2Fwp%2Fv2%2Ftags&post=3911"}],"curies":[{"name":"wp","href":"https:\/\/api.w.org\/{rel}","templated":true}]}}