{"id":391,"date":"2016-08-22T14:02:00","date_gmt":"2016-08-22T12:02:00","guid":{"rendered":"https:\/\/wp.muchomaas.com\/breve-jean-francois-cope-391\/"},"modified":"2016-08-22T14:02:00","modified_gmt":"2016-08-22T12:02:00","slug":"breve-jean-francois-cope-391","status":"publish","type":"post","link":"https:\/\/archives.regards.fr\/?p=391","title":{"rendered":"Jean-Fran\u00e7ois Cop\u00e9"},"content":{"rendered":"<p><em>\u00ab\u00a0Rude semaine ! Apr\u00e8s Sarko \u00e0 Ch\u00e2teaurenard et Jacob mon ami de toujours qui part chez Sarko. Chirac, toi qui as v\u00e9cu \u00e7a en 1995, aide moi !\u00a0\u00bb<\/em> (Twitter, 22\/08\/2016)<\/p>\n","protected":false},"excerpt":{"rendered":"<p>\u00ab\u00a0Rude semaine ! Apr\u00e8s Sarko \u00e0 Ch\u00e2teaurenard et Jacob mon ami de toujours qui part chez Sarko. Chirac, toi qui as v\u00e9cu \u00e7a en 1995, aide moi !\u00a0\u00bb (Twitter, 22\/08\/2016)<\/p>\n","protected":false},"author":1,"featured_media":0,"comment_status":"open","ping_status":"open","sticky":false,"template":"","format":"standard","meta":{"_themeisle_gutenberg_block_has_review":false,"footnotes":""},"categories":[284],"tags":[],"class_list":["post-391","post","type-post","status-publish","format-standard","hentry","category-declarama-breves"],"_links":{"self":[{"href":"https:\/\/archives.regards.fr\/index.php?rest_route=\/wp\/v2\/posts\/391","targetHints":{"allow":["GET"]}}],"collection":[{"href":"https:\/\/archives.regards.fr\/index.php?rest_route=\/wp\/v2\/posts"}],"about":[{"href":"https:\/\/archives.regards.fr\/index.php?rest_route=\/wp\/v2\/types\/post"}],"author":[{"embeddable":true,"href":"https:\/\/archives.regards.fr\/index.php?rest_route=\/wp\/v2\/users\/1"}],"replies":[{"embeddable":true,"href":"https:\/\/archives.regards.fr\/index.php?rest_route=%2Fwp%2Fv2%2Fcomments&post=391"}],"version-history":[{"count":0,"href":"https:\/\/archives.regards.fr\/index.php?rest_route=\/wp\/v2\/posts\/391\/revisions"}],"wp:attachment":[{"href":"https:\/\/archives.regards.fr\/index.php?rest_route=%2Fwp%2Fv2%2Fmedia&parent=391"}],"wp:term":[{"taxonomy":"category","embeddable":true,"href":"https:\/\/archives.regards.fr\/index.php?rest_route=%2Fwp%2Fv2%2Fcategories&post=391"},{"taxonomy":"post_tag","embeddable":true,"href":"https:\/\/archives.regards.fr\/index.php?rest_route=%2Fwp%2Fv2%2Ftags&post=391"}],"curies":[{"name":"wp","href":"https:\/\/api.w.org\/{rel}","templated":true}]}}