{"id":3902,"date":"2009-02-21T00:00:00","date_gmt":"2009-02-20T23:00:00","guid":{"rendered":"https:\/\/wp.muchomaas.com\/travailler-tue-en-toute-impunite3902\/"},"modified":"2009-02-21T00:00:00","modified_gmt":"2009-02-20T23:00:00","slug":"travailler-tue-en-toute-impunite3902","status":"publish","type":"post","link":"https:\/\/archives.regards.fr\/?p=3902","title":{"rendered":"Travailler tue en toute impunit\u00e9 : pour combien de temps encore ?"},"content":{"rendered":"<p class=\"post_excerpt\"> Une p\u00e9tition lanc\u00e9e par la Fondation Copernic. <\/p>\n<p>Pour signer la p\u00e9tition : http:\/\/www.fondation-copernic.org\/petition\/index.php?petition=3<\/p>\n<p>Le constat est sans appel : le travail rend malade et tue tous secteurs et toutes cat\u00e9gories professionnelles confondues. Le nombre officiel des maladies professionnelles reconnues a explos\u00e9 : 13 658 en 1996, 52979 en 2005. Le nombre d&#8217;accidents du travail graves et mortels reste tr\u00e8s \u00e9lev\u00e9 : 537 d\u00e9c\u00e8s en 2006, soit 13% de plus en un an. Ces chiffres officiels sont : on le sait : grandement sous-estim\u00e9s en raison notamment d&#8217;une importante sous-d\u00e9claration. Les suicides directement li\u00e9s au travail sont estim\u00e9s \u00e0 400 par an, pour la plupart non reconnus comme accidents du travail. Plusieurs millions de salari\u00e9s sont expos\u00e9s, sans aucune protection, \u00e0 des produits connus pour \u00eatre canc\u00e9rog\u00e8nes, mutag\u00e8nes ou toxiques pour la reproduction, contribuant ainsi grandement aux in\u00e9galit\u00e9s sociales face au cancer : un ouvrier a dix fois plus de risque de mourir du cancer avant 65 ans qu&#8217;un cadre sup\u00e9rieur.<\/p>\n<p>Cette situation ne tombe pas du ciel : elle est le r\u00e9sultat de politiques d&#8217;entreprises, tant priv\u00e9es que publiques, pour lesquelles les co\u00fbts sociaux doivent \u00eatre toujours plus compress\u00e9s. Ces politiques ont privil\u00e9gi\u00e9 et g\u00e9n\u00e9ralis\u00e9 la sous-traitance, et intensifi\u00e9 le travail comme jamais depuis de nombreuses d\u00e9cennies. Et l&#8217;inspection du travail comme la m\u00e9decine du travail n&#8217;ont toujours pas les moyens d&#8217;assurer leurs missions.<\/p>\n<p>La lutte opini\u00e2tre des victimes, de leurs associations et syndicats a permis des avanc\u00e9es, mais la course au profit sans entrave s\u00e8me toujours la maladie et la mort.<\/p>\n<p>Alors que le simple voleur de sac \u00e0 main est condamn\u00e9 \u00e0 6 mois de prison ferme devant le moindre tribunal correctionnel en comparution imm\u00e9diate, l&#8217;employeur coupable d&#8217;homicide dit involontaire \u00e0 l&#8217;\u00e9gard de son salari\u00e9, apr\u00e8s des ann\u00e9es d&#8217;instruction, est condamn\u00e9 &#8211; quand il est d\u00e9clar\u00e9 coupable &#8211; \u00e0 quelques mois de prison avec sursis.<\/p>\n<p>La mise en danger d\u00e9lib\u00e9r\u00e9 d&#8217;autrui par des choix de politique \u00e9conomique b\u00e9n\u00e9ficie dans ce pays d&#8217;une incroyable mansu\u00e9tude. Les employeurs ne sont pas consid\u00e9r\u00e9s comme de v\u00e9ritables d\u00e9linquants. Trop souvent les proc\u00e9dures relatives \u00e0 des accidents mortels du travail sont class\u00e9es sans suite. Trop souvent les condamnations : lorsqu&#8217;elles interviennent &#8211; ne touchent que les employeurs en bout de cha\u00eene de sous-traitance et sont symboliques. Les grands donneurs d&#8217;ordre y compris l&#8217;Etat, dont la responsabilit\u00e9 dans l&#8217;organisation du travail est pourtant essentielle, ne sont qu&#8217;exceptionnellement concern\u00e9s et les indemnisations largement insuffisantes.<\/p>\n<p>L&#8217;amiante est embl\u00e9matique de ce que nous d\u00e9non\u00e7ons : alors que le risque est connu depuis des d\u00e9cennies, que des milliers de personnes ont perdu leur vie et vont la perdre dans les prochaines ann\u00e9es du fait de l&#8217;incurie manifeste des entreprises concern\u00e9es, voire de leurs choix d\u00e9lib\u00e9r\u00e9s, Justice n&#8217;est toujours pas faite. L&#8217;in\u00e9galit\u00e9 des armes entre le salari\u00e9 et son employeur est patente et scandaleusement disproportionn\u00e9e : l&#8217;\u00e9galit\u00e9 devant la loi est devenue une pure fiction. Cette injustice se nourrit du silence collectif.<\/p>\n<p>Les soussign\u00e9-e-s entendent d\u00e9noncer ici et maintenant cette situation inadmissible et intol\u00e9rable. Ils et elles exigent que la d\u00e9linquance patronale soit enfin sanctionn\u00e9e : la loi p\u00e9nale doit \u00eatre pleinement appliqu\u00e9e aux employeurs. Ils et elles exigent que des moyens humains et financiers soient d\u00e9gag\u00e9s pour que la justice puisse r\u00e9ellement faire son travail. Aucune am\u00e9lioration de la sant\u00e9 et de la s\u00e9curit\u00e9 au travail n&#8217;est possible tant que la justice fonctionne \u00e0 deux vitesses. Aucune avanc\u00e9e n&#8217;est possible tant que les donneurs d&#8217;ordre pourront s&#8217;abriter derri\u00e8re les r\u00e8gles du droit commercial pour s&#8217;exon\u00e9rer de leurs responsabilit\u00e9s.<\/p>\n<p><strong> Tous et toutes ensemble nous disons : \u00e7a suffit ! Et nous agirons pour que cela cesse. <\/strong><\/p>\n<p><em> Pour signer la p\u00e9tition : http: <\/em>www.fondation-copernic.org\/petition\/index.php?petition=3 \/\/<\/p>\n","protected":false},"excerpt":{"rendered":"<p> Une p\u00e9tition lanc\u00e9e par la Fondation Copernic. <\/p>\n","protected":false},"author":1,"featured_media":0,"comment_status":"open","ping_status":"open","sticky":false,"template":"","format":"standard","meta":{"_themeisle_gutenberg_block_has_review":false,"footnotes":""},"categories":[141],"tags":[304],"class_list":["post-3902","post","type-post","status-publish","format-standard","hentry","category-archives-web","tag-travail"],"_links":{"self":[{"href":"https:\/\/archives.regards.fr\/index.php?rest_route=\/wp\/v2\/posts\/3902","targetHints":{"allow":["GET"]}}],"collection":[{"href":"https:\/\/archives.regards.fr\/index.php?rest_route=\/wp\/v2\/posts"}],"about":[{"href":"https:\/\/archives.regards.fr\/index.php?rest_route=\/wp\/v2\/types\/post"}],"author":[{"embeddable":true,"href":"https:\/\/archives.regards.fr\/index.php?rest_route=\/wp\/v2\/users\/1"}],"replies":[{"embeddable":true,"href":"https:\/\/archives.regards.fr\/index.php?rest_route=%2Fwp%2Fv2%2Fcomments&post=3902"}],"version-history":[{"count":0,"href":"https:\/\/archives.regards.fr\/index.php?rest_route=\/wp\/v2\/posts\/3902\/revisions"}],"wp:attachment":[{"href":"https:\/\/archives.regards.fr\/index.php?rest_route=%2Fwp%2Fv2%2Fmedia&parent=3902"}],"wp:term":[{"taxonomy":"category","embeddable":true,"href":"https:\/\/archives.regards.fr\/index.php?rest_route=%2Fwp%2Fv2%2Fcategories&post=3902"},{"taxonomy":"post_tag","embeddable":true,"href":"https:\/\/archives.regards.fr\/index.php?rest_route=%2Fwp%2Fv2%2Ftags&post=3902"}],"curies":[{"name":"wp","href":"https:\/\/api.w.org\/{rel}","templated":true}]}}