{"id":390,"date":"2016-08-19T09:00:00","date_gmt":"2016-08-19T07:00:00","guid":{"rendered":"https:\/\/wp.muchomaas.com\/breve-henri-emmanuelli\/"},"modified":"2016-08-19T09:00:00","modified_gmt":"2016-08-19T07:00:00","slug":"breve-henri-emmanuelli","status":"publish","type":"post","link":"https:\/\/archives.regards.fr\/?p=390","title":{"rendered":"Henri Emmanuelli"},"content":{"rendered":"<p><em>\u00ab\u00a0Beno\u00eet Hamon et Arnaud Montebourg sont irresponsables. <\/em> (\u2026) <em>Certains confondent disputer le leadership de la gauche au sein du PS et conqu\u00e9rir la pr\u00e9sidence de la R\u00e9publique. \u00bb<\/em> (Sud Ouest, 19\/08\/2016)<\/p>\n","protected":false},"excerpt":{"rendered":"<p>\u00ab\u00a0Beno\u00eet Hamon et Arnaud Montebourg sont irresponsables. (\u2026) Certains confondent disputer le leadership de la gauche au sein du PS et conqu\u00e9rir la pr\u00e9sidence de la R\u00e9publique. \u00bb (Sud Ouest, 19\/08\/2016)<\/p>\n","protected":false},"author":1,"featured_media":0,"comment_status":"open","ping_status":"open","sticky":false,"template":"","format":"standard","meta":{"_themeisle_gutenberg_block_has_review":false,"footnotes":""},"categories":[284],"tags":[],"class_list":["post-390","post","type-post","status-publish","format-standard","hentry","category-declarama-breves"],"_links":{"self":[{"href":"https:\/\/archives.regards.fr\/index.php?rest_route=\/wp\/v2\/posts\/390","targetHints":{"allow":["GET"]}}],"collection":[{"href":"https:\/\/archives.regards.fr\/index.php?rest_route=\/wp\/v2\/posts"}],"about":[{"href":"https:\/\/archives.regards.fr\/index.php?rest_route=\/wp\/v2\/types\/post"}],"author":[{"embeddable":true,"href":"https:\/\/archives.regards.fr\/index.php?rest_route=\/wp\/v2\/users\/1"}],"replies":[{"embeddable":true,"href":"https:\/\/archives.regards.fr\/index.php?rest_route=%2Fwp%2Fv2%2Fcomments&post=390"}],"version-history":[{"count":0,"href":"https:\/\/archives.regards.fr\/index.php?rest_route=\/wp\/v2\/posts\/390\/revisions"}],"wp:attachment":[{"href":"https:\/\/archives.regards.fr\/index.php?rest_route=%2Fwp%2Fv2%2Fmedia&parent=390"}],"wp:term":[{"taxonomy":"category","embeddable":true,"href":"https:\/\/archives.regards.fr\/index.php?rest_route=%2Fwp%2Fv2%2Fcategories&post=390"},{"taxonomy":"post_tag","embeddable":true,"href":"https:\/\/archives.regards.fr\/index.php?rest_route=%2Fwp%2Fv2%2Ftags&post=390"}],"curies":[{"name":"wp","href":"https:\/\/api.w.org\/{rel}","templated":true}]}}