{"id":3898,"date":"2009-02-15T00:00:00","date_gmt":"2009-02-14T23:00:00","guid":{"rendered":"https:\/\/wp.muchomaas.com\/soutien-aux-travailleurs-de3898\/"},"modified":"2009-02-15T00:00:00","modified_gmt":"2009-02-14T23:00:00","slug":"soutien-aux-travailleurs-de3898","status":"publish","type":"post","link":"https:\/\/archives.regards.fr\/?p=3898","title":{"rendered":"Soutien aux travailleurs de Guadeloupe, Martinique, Guyane et de la R\u00e9union."},"content":{"rendered":"<p>Depuis plus de trois semaines, les travailleurs de Guadeloupe sont en gr\u00e8ve g\u00e9n\u00e9rale unitaire et illimit\u00e9e. Depuis, la gr\u00e8ve g\u00e9n\u00e9rale s&#8217;\u00e9tend \u00e0 la Martinique, \u00e0 la Guyane et \u00e0 la R\u00e9union. Ils se battent contre la vie ch\u00e8re, les bas salaires, les licenciements et le ch\u00f4mage, pour leur dignit\u00e9.<\/p>\n<p>Leur combat est le n\u00f4tre, il est exemplaire.<\/p>\n<p>Apr\u00e8s le succ\u00e8s des grandes mobilisations du 29 janvier et avant celle du 19 mars, nous devons apporter toute notre solidarit\u00e9 aux Guadeloup\u00e9ens, Martiniquais ; Guyanais et R\u00e9unionnais qui proclament avec la m\u00eame force que ce n&#8217;est pas au peuple de payer la crise !<\/p>\n<p>Le combat des salari\u00e9s de Guadeloupe, de Martinique, de Guyane et de la R\u00e9union est le n\u00f4tre.<\/p>\n<p>Tous ensemble, Solidarit\u00e9 !<\/p>\n<p><strong> Toutes et tous Lundi 16 f\u00e9vrier dans la rue \u00e0 18h Place de Clichy <\/strong><\/p>\n<p>APPEL SIGNE PAR : Alternative D\u00e9mocratie Socialisme (ADS), Alter-Ekolo, Alternative Libertaire (AL), Association des Communistes Unitaires, Coordination Nationale des Collectifs Unitaires pour une alternative au lib\u00e9ralisme (CNCU), La F\u00e9d\u00e9ration, Les Alternatifs, Lutte Ouvri\u00e8re (LO), Nouveau Parti Anticapitaliste (NPA), Parti communiste des ouvriers de France (PCOF), Parti de Gauche (PG)<\/p>\n","protected":false},"excerpt":{"rendered":"<p>Depuis plus de trois semaines, les travailleurs de Guadeloupe sont en gr\u00e8ve g\u00e9n\u00e9rale unitaire et illimit\u00e9e. Depuis, la gr\u00e8ve g\u00e9n\u00e9rale s&#8217;\u00e9tend \u00e0 la Martinique, \u00e0 la Guyane et \u00e0 la R\u00e9union. Ils se battent contre la vie ch\u00e8re, les bas salaires, les licenciements et le ch\u00f4mage, pour leur dignit\u00e9. Leur combat est le n\u00f4tre, il [&hellip;]<\/p>\n","protected":false},"author":1,"featured_media":0,"comment_status":"open","ping_status":"open","sticky":false,"template":"","format":"standard","meta":{"_themeisle_gutenberg_block_has_review":false,"footnotes":""},"categories":[141],"tags":[311],"class_list":["post-3898","post","type-post","status-publish","format-standard","hentry","category-archives-web","tag-mouvement-social"],"_links":{"self":[{"href":"https:\/\/archives.regards.fr\/index.php?rest_route=\/wp\/v2\/posts\/3898","targetHints":{"allow":["GET"]}}],"collection":[{"href":"https:\/\/archives.regards.fr\/index.php?rest_route=\/wp\/v2\/posts"}],"about":[{"href":"https:\/\/archives.regards.fr\/index.php?rest_route=\/wp\/v2\/types\/post"}],"author":[{"embeddable":true,"href":"https:\/\/archives.regards.fr\/index.php?rest_route=\/wp\/v2\/users\/1"}],"replies":[{"embeddable":true,"href":"https:\/\/archives.regards.fr\/index.php?rest_route=%2Fwp%2Fv2%2Fcomments&post=3898"}],"version-history":[{"count":0,"href":"https:\/\/archives.regards.fr\/index.php?rest_route=\/wp\/v2\/posts\/3898\/revisions"}],"wp:attachment":[{"href":"https:\/\/archives.regards.fr\/index.php?rest_route=%2Fwp%2Fv2%2Fmedia&parent=3898"}],"wp:term":[{"taxonomy":"category","embeddable":true,"href":"https:\/\/archives.regards.fr\/index.php?rest_route=%2Fwp%2Fv2%2Fcategories&post=3898"},{"taxonomy":"post_tag","embeddable":true,"href":"https:\/\/archives.regards.fr\/index.php?rest_route=%2Fwp%2Fv2%2Ftags&post=3898"}],"curies":[{"name":"wp","href":"https:\/\/api.w.org\/{rel}","templated":true}]}}