{"id":3873,"date":"2008-09-01T00:00:00","date_gmt":"2008-08-31T22:00:00","guid":{"rendered":"https:\/\/wp.muchomaas.com\/jean-pierre-et-luc-dardenne-dire3873\/"},"modified":"2008-09-01T00:00:00","modified_gmt":"2008-08-31T22:00:00","slug":"jean-pierre-et-luc-dardenne-dire3873","status":"publish","type":"post","link":"https:\/\/archives.regards.fr\/?p=3873","title":{"rendered":"Jean-Pierre et Luc Dardenne : dire le silence"},"content":{"rendered":"<p class=\"post_excerpt\"> Au centre du nouveau film des fr\u00e8res Dardenne, Le Silence de Lorna, la rencontre d&#8217;une immigr\u00e9e albanaise et d&#8217;un cam\u00e9 mis au ban par tous. Faux mariages, immigration, pr\u00e9carit\u00e9, les th\u00e9matiques se croisent dans ce film fait d&#8217;ellipses et de silences. Entretien avec Jean-Pierre et Luc Dardenne <\/p>\n<p><strong> Central dans La Promesse, le th\u00e8me de l&#8217;immigration est au c\u0153ur du Silence de Lorna.  <\/strong><\/p>\n<p><strong> Luc Dardenne. <\/strong> La Promesse, c&#8217;est l&#8217;histoire d&#8217;un gar\u00e7on, Igor, qui quitte son cercle familial. Il se sent oblig\u00e9 vis-\u00e0-vis d&#8217;Assita, une femme venue d&#8217;Afrique, bien plus qu&#8217;envers son milieu d&#8217;origine. Igor trahit son p\u00e8re pour dire la v\u00e9rit\u00e9 \u00e0 Assita. L&#8217;\u00e9tranger est au centre du film. Lorna est dans une situation pr\u00e9caire. Pour obtenir ses papiers, elle ne peut passer par des circuits l\u00e9gaux. C&#8217;est une proie facile pour la mafia locale. Mais, ce qui nous a int\u00e9ress\u00e9, plus que le probl\u00e8me de l&#8217;immigration, c&#8217;est le fait que Lorna se trouve dans la situation de rencontrer Claudy, un junkie. Qu&#8217;elle soit devant la possibilit\u00e9 de sauver, ou non, celui qui devient petit \u00e0 petit pour elle un \u00eatre humain. Son statut d&#8217;immigr\u00e9e ne lui donne aucune circonstance att\u00e9nuante. Elle arrive \u00e0 penser le contraire de ce que ses conditions de vie l&#8217;auraient amen\u00e9e \u00e0 penser. Claudy, en tant que cam\u00e9, est consid\u00e9r\u00e9 comme inf\u00e9rieur par l&#8217;opinion majoritaire, ainsi que le sont les immigr\u00e9s de La Promesse. Peut-\u00eatre parce qu&#8217;il s&#8217;autod\u00e9truit, il appara\u00eet comme n&#8217;ayant plus le m\u00eame statut que les autres. Claudy, comme le dit Sokol \u00e0 Lorna, \u00abserait mort\u00bb de toute fa\u00e7on. Si la situation de Lorna est pr\u00e9caire, celle de Claudy, dans la mentalit\u00e9 collective, l&#8217;est encore plus. <\/p>\n<p><strong> Lorna est l&#8217;un de vos personnages les plus doux, les plus pos\u00e9s.  <\/strong><\/p>\n<p><strong> Jean-Pierre Dardenne.  <\/strong> Nous avons tourn\u00e9 ce film en 35 mm, alors que nos pr\u00e9c\u00e9dents l&#8217;\u00e9taient en super 16 mm. Nous voulions regarder Lorna plut\u00f4t que la suivre. Notre cam\u00e9ra devait moins bouger, enregistrer plut\u00f4t qu&#8217;\u00e9crire. Ne pas \u00eatre dans son \u00e9nergie, \u00eatre plus loin d&#8217;elle. On voulait que le spectateur soit dans la m\u00eame position que la cam\u00e9ra, qu&#8217;il observe cette femme. Qui est-elle? Que fait-elle? Elle \u00e9chappe sans cesse, elle manigance des plans incroyables. Elle invente un syst\u00e8me pour sauver Claudy tout en gardant la confiance de Fabio.<\/p>\n<p><strong> L.D.  <\/strong> Lorna ne veut pas \u00e9liminer les autres. Dans Rosetta, on allait toujours vers les autres avec Rosetta, \u00e0 partir d&#8217;elle. C&#8217;est elle qui \u00e9tait motrice. Inversement, nous n&#8217;avons jamais voulu que Lorna soit au centre du cadre. Elle est l\u00e0, parmi les autres. C&#8217;est pour cette raison qu&#8217;on a tourn\u00e9 \u00e0 Li\u00e8ge et pas \u00e0 Seraing. On voulait que Lorna vive dans une grande ville, parmi la foule. Elle est anonyme, entour\u00e9e de tous ces gens qui ignorent ses machinations. Cela donne un c\u00f4t\u00e9 \u00e9trange \u00e0 sa pr\u00e9sence. Lorna change, \u00e9volue. Elle construit d&#8217;abord du vrai avec du faux (faux mariage, vrais papiers), mais finit par prendre le faux pour du vrai, en croyant que cet enfant imaginaire, l&#8217;enfant de Claudy, existe r\u00e9ellement. Son corps s&#8217;est r\u00e9volt\u00e9. Son silence lui a cr\u00e9\u00e9 un enfant dans le ventre.<\/p>\n<p><strong> Dans cette m\u00e9tamorphose, il y a une sc\u00e8ne pivot, celle de l&#8217;h\u00f4pital. Alors que Claudy dort, de dos, le face-\u00e0-face a lieu. Mais, cette sc\u00e8ne pr\u00e9figure aussi sa mort, qui est la grande ellipse du film.  <\/strong><\/p>\n<p><strong> J.-P.D.  <\/strong> Cette ellipse, c&#8217;est un pari qu&#8217;on a fait d\u00e8s le d\u00e9but. La mort de Claudy n&#8217;a jamais \u00e9t\u00e9 film\u00e9e ni \u00e9crite. On voulait qu&#8217;il disparaisse, qu&#8217;il sorte du film.<\/p>\n<p><strong> L.D.  <\/strong> On a fait plusieurs versions de la sc\u00e8ne de l&#8217;h\u00f4pital. Certaines en filmant le visage de Claudy.<\/p>\n<p><strong> J.-P.D. <\/strong> Le plan sur son visage \u00e0 lui \u00e9tait trop appuy\u00e9. C&#8217;\u00e9tait mieux de voir son visage sur le visage de Lorna. <\/p>\n<p><strong> L.D.  <\/strong> Lorna pose le sac, le regarde. On entend sa respiration, ce qui le fait vivre, Claudy dort. C&#8217;est ce qui attire Lorna mais on ne sait pas vraiment si c&#8217;est sa respiration \u00e0 elle ou \u00e0 lui; du moins, c&#8217;est comme cela qu&#8217;on a mix\u00e9 la sc\u00e8ne. Ce jour-l\u00e0, le com\u00e9dien, malade, a r\u00e9ellement dormi pendant la prise&#8230;<\/p>\n<p><strong> Dans<em> Au dos de nos images <\/em>, vous sugg\u00e9rez que le fait de d\u00e9couvrir de nouveaux acteurs permettrait d&#8217;\u00e9chapper au cin\u00e9ma entendu comme une \u00abvaste entreprise de clonage\u00bb. <\/strong><\/p>\n<p><strong> L.D.  <\/strong> Nous avons \u00abform\u00e9\u00bb plusieurs acteurs mais pas Arta Dobroshi, l&#8217;actrice originaire du Kosovo qui joue le personnage de Lorna. Elle \u00e9tait inconnue du public fran\u00e7ais et cannois mais avait d\u00e9j\u00e0 tourn\u00e9 dans son pays. Pour nous, il y a un plaisir immense \u00e0 mettre en sc\u00e8ne des inconnus. Peut-\u00eatre avons-nous un c\u00f4t\u00e9 vampires&#8230;<\/p>\n<p><strong> Vous tenez aussi \u00e0 tourner dans la continuit\u00e9 du sc\u00e9nario? <\/strong><\/p>\n<p><strong> L.D.  <\/strong> Oui, on a tourn\u00e9 ainsi Falsch et tous nos films depuis La Promesse. Cela co\u00fbte plus cher: un film de 4 millions, on pourrait le faire avec 3 si on travaillait \u00e0 l&#8217;efficacit\u00e9 industrielle : syst\u00e8me qui a fait ses preuves aussi.<\/p>\n<p><strong> J.-P.D.  <\/strong> Tourner dans ce souci d&#8217;efficacit\u00e9 serait tr\u00e8s compliqu\u00e9 pour nous, vu que nous n&#8217;arrivons pas sur le plateau avec un d\u00e9coupage arr\u00eat\u00e9. On a besoin de se nourrir des lieux, de les mettre \u00e0 l&#8217;\u00e9preuve. Toutes les sc\u00e8nes dans le sas de l&#8217;appartement se sont construites petit \u00e0 petit. Quand on est entr\u00e9 dans l&#8217;appartement, on ne savait pas o\u00f9 la sc\u00e8ne avec la police se passerait. L&#8217;entr\u00e9e a pris de l&#8217;importance; c&#8217;est l\u00e0 que Lorna pose son manteau, son sac. C&#8217;est l\u00e0 qu&#8217;ils se disputent la premi\u00e8re fois. Quand on est arriv\u00e9 \u00e0 la sc\u00e8ne d&#8217;amour, ce lieu s&#8217;est encore impos\u00e9.<\/p>\n<p><strong> L&#8217;argent est omnipr\u00e9sent dans<em> Le Silence de Lorna <\/em>, comme dans vos autres films. Pourquoi? <\/strong><\/p>\n<p><strong> L.D. ** On fait souvent une \u00e9quation entre l&#8217;argent, le capitalisme et l&#8217;exploitation. Mais pensons \u00e0 cette anecdote: en pleine s\u00e9gr\u00e9gation aux Etats-Unis, un Noir commande un verre dans un bistrot. Le patron, un Blanc raciste, lui r\u00e9pond:<em> \u00abNon je ne sers pas les Noirs.\u00bb <\/em> Le Noir lui r\u00e9torque:<em> \u00abJ&#8217;ai de l&#8217;argent, le m\u00eame que toi, donc tu me sers.\u00bb <\/em> L&#8217;argent a aussi une valeur d&#8217;\u00e9galisation; il peut casser les injustices, les pr\u00e9jug\u00e9s. Dans le film, il y a deux types d&#8217;argent: l&#8217;argent avec lequel les \u00eatres s&#8217;ach\u00e8tent, et celui que Claudy change en argent de la confiance. Il confie son enveloppe \u00e0 Lorna pour ne pas replonger. Que faire de cet argent une fois que Claudy a disparu? Lorna cherche d&#8217;abord \u00e0 s&#8217;en d\u00e9barrasser car c&#8217;est sa culpabilit\u00e9 qui est pr\u00e9sente dans cet argent. A travers lui, c&#8217;est Claudy qui continue \u00e0 \u00eatre l\u00e0. **Propos recueillis par J.C. <\/strong><\/p>\n<p>Paru dans<em> Regards <\/em> n\u00b054, septembre 2008<\/p>\n","protected":false},"excerpt":{"rendered":"<p> Au centre du nouveau film des fr\u00e8res Dardenne, Le Silence de Lorna, la rencontre d&#8217;une immigr\u00e9e albanaise et d&#8217;un cam\u00e9 mis au ban par tous. Faux mariages, immigration, pr\u00e9carit\u00e9, les th\u00e9matiques se croisent dans ce film fait d&#8217;ellipses et de silences. Entretien avec Jean-Pierre et Luc Dardenne <\/p>\n","protected":false},"author":572,"featured_media":0,"comment_status":"open","ping_status":"open","sticky":false,"template":"","format":"standard","meta":{"_themeisle_gutenberg_block_has_review":false,"footnotes":""},"categories":[141],"tags":[299],"class_list":["post-3873","post","type-post","status-publish","format-standard","hentry","category-archives-web","tag-cinema"],"_links":{"self":[{"href":"https:\/\/archives.regards.fr\/index.php?rest_route=\/wp\/v2\/posts\/3873","targetHints":{"allow":["GET"]}}],"collection":[{"href":"https:\/\/archives.regards.fr\/index.php?rest_route=\/wp\/v2\/posts"}],"about":[{"href":"https:\/\/archives.regards.fr\/index.php?rest_route=\/wp\/v2\/types\/post"}],"author":[{"embeddable":true,"href":"https:\/\/archives.regards.fr\/index.php?rest_route=\/wp\/v2\/users\/572"}],"replies":[{"embeddable":true,"href":"https:\/\/archives.regards.fr\/index.php?rest_route=%2Fwp%2Fv2%2Fcomments&post=3873"}],"version-history":[{"count":0,"href":"https:\/\/archives.regards.fr\/index.php?rest_route=\/wp\/v2\/posts\/3873\/revisions"}],"wp:attachment":[{"href":"https:\/\/archives.regards.fr\/index.php?rest_route=%2Fwp%2Fv2%2Fmedia&parent=3873"}],"wp:term":[{"taxonomy":"category","embeddable":true,"href":"https:\/\/archives.regards.fr\/index.php?rest_route=%2Fwp%2Fv2%2Fcategories&post=3873"},{"taxonomy":"post_tag","embeddable":true,"href":"https:\/\/archives.regards.fr\/index.php?rest_route=%2Fwp%2Fv2%2Ftags&post=3873"}],"curies":[{"name":"wp","href":"https:\/\/api.w.org\/{rel}","templated":true}]}}