{"id":3871,"date":"2009-02-01T00:00:00","date_gmt":"2009-01-31T23:00:00","guid":{"rendered":"https:\/\/wp.muchomaas.com\/cercle-vicieux3871\/"},"modified":"2009-02-01T00:00:00","modified_gmt":"2009-01-31T23:00:00","slug":"cercle-vicieux3871","status":"publish","type":"post","link":"https:\/\/archives.regards.fr\/?p=3871","title":{"rendered":"Cercle vicieux"},"content":{"rendered":"<p class=\"post_excerpt\"> Fr\u00e9d\u00e9ric Tadd\u00e9\u00ef, animateur de \u00abCe soir ou jamais\u00bb sur France 3, en a parl\u00e9 comme d&#8217;une plaie qui infecte les magazines et surtout les talk-shows: <\/p>\n<p> le chroniqueur t\u00e9l\u00e9 est en effet devenu un \u00e9l\u00e9ment phare du PAF, une sorte de figure incontournable. Avec ses occasionnels, ses stars et ses bons clients. Si l&#8217;on y ajoute les consultants, experts en crise du Moyen-Orient, du terrorisme ou de Barack Obama, en gros toujours les m\u00eames, jamais la t\u00e9l\u00e9 n&#8217;a sembl\u00e9 aussi ouverte \u00e0 des \u00abnon-professionnels\u00bb. Pendant que le journaliste se transforme en simple animateur n&#8217;interrogeant que pour rentabiliser la pr\u00e9sence de son prestataire de service. Cette \u00abinvitation\u00bb \u00e0 venir vivre son moment de c\u00e9l\u00e9brit\u00e9 dans la petite lucarne ressemble par de nombreux aspects \u00e0 un \u00abd\u00eener de cons\u00bb, sans que l&#8217;on sache qui joue le r\u00f4le du dindon de la farce. Peut-\u00eatre nous autres, simples consommateurs d&#8217;images, tranquillement assis devant notre \u00e9cran plat.<\/p>\n<p>Premi\u00e8re victime presque collat\u00e9rale, tant il mange son chapeau depuis belle lurette, le journaliste t\u00e9l\u00e9. Comme l&#8217;explique Alain Vernon, de Stade 2, dans le bulletin du SNJ-CGT:<em> \u00abIl se passe dans le sport ce qui se passe ailleurs: les consultants remplacent les journalistes en mati\u00e8re \u00e9conomique, strat\u00e9gique, militaire et politique.\u00bb <\/em> En gros, les diverses r\u00e9dactions ont rapidement ressenti le besoin de recr\u00e9dibiliser leur offre \u00e9ditoriale, \u00abd&#8217;organiser\u00bb le d\u00e9bat, d&#8217;apporter \u00ableur information\u00bb autrement, pour tout dire, de repasser un coup de peinture sur la fissure de la confiance du citoyen. En jugeant, \u00e0 tort ou \u00e0 raison, que le t\u00e9l\u00e9spectateur lambda ne consid\u00e8re pas ou plus le journaliste t\u00e9l\u00e9 avec l&#8217;estime qu&#8217;il accorde \u00e0 ses confr\u00e8res des autres m\u00e9dias. Par ailleurs, l&#8217;uniformisation des contenus \u00e9ditoriaux, jusqu&#8217;au format des plateaux, a amen\u00e9 \u00e0 d\u00e9baucher quelques mercenaires de la presse \u00e9crite ou radio, voire de la \u00absoci\u00e9t\u00e9 civile\u00bb, histoire de glisser un peu de piment dans une recette de plus en plus \u00e9vent\u00e9e (dernier exemple, \u00abCactus\u00bb sur Paris Premi\u00e8re avec ses intervenants \u00abdiff\u00e9rents\u00bb). Quitte \u00e0 le transf\u00e9rer ensuite, s&#8217;il sait se couler dans le moule audiovisuel, vers le pur divertissement comme avec \u00abOn n&#8217;est pas couch\u00e9\u00bb de Ruquier sur France 2, o\u00f9 le multicarte n\u00e9or\u00e9ac Eric Zemmour vient incarner la droite d\u00e9complex\u00e9e qui pense que les femmes n&#8217;ont rien gagn\u00e9 dans la parit\u00e9 et que les immigr\u00e9s sont responsables du racisme. Une fois finies les pitreries pour le zapping, il encha\u00eene sur I-T\u00e9l\u00e9 dans \u00ab\u00c7a se dispute\u00bb o\u00f9, cette fois, Nicolas Domenach de Marianne lui rend la politesse en incarnant une gauche qui ne veut plus \u00eatre \u00abm\u00e9chante\u00bb. Tout cela demeurant entre gens du m\u00eame monde, qu&#8217;il soit m\u00e9diatique ou politique, puisque la t\u00e9l\u00e9 demande en guise de mot de passe un certain seuil de notori\u00e9t\u00e9 qu&#8217;elle est seule \u00e0 \u00e9valuer et, pour tout dire, \u00e0 apporter. Un cercle vicieux dont il est plus facile d&#8217;\u00eatre \u00e9ject\u00e9 que de s&#8217;y faire une place. <strong> M. <\/strong><\/p>\n<p>Paru dans<em> Regards <\/em> n\u00b059, f\u00e9vrier 2009<\/p>\n","protected":false},"excerpt":{"rendered":"<p> Fr\u00e9d\u00e9ric Tadd\u00e9\u00ef, animateur de \u00abCe soir ou jamais\u00bb sur France 3, en a parl\u00e9 comme d&#8217;une plaie qui infecte les magazines et surtout les talk-shows: <\/p>\n","protected":false},"author":579,"featured_media":0,"comment_status":"open","ping_status":"open","sticky":false,"template":"","format":"standard","meta":{"_themeisle_gutenberg_block_has_review":false,"footnotes":""},"categories":[141],"tags":[287],"class_list":["post-3871","post","type-post","status-publish","format-standard","hentry","category-archives-web","tag-medias"],"_links":{"self":[{"href":"https:\/\/archives.regards.fr\/index.php?rest_route=\/wp\/v2\/posts\/3871","targetHints":{"allow":["GET"]}}],"collection":[{"href":"https:\/\/archives.regards.fr\/index.php?rest_route=\/wp\/v2\/posts"}],"about":[{"href":"https:\/\/archives.regards.fr\/index.php?rest_route=\/wp\/v2\/types\/post"}],"author":[{"embeddable":true,"href":"https:\/\/archives.regards.fr\/index.php?rest_route=\/wp\/v2\/users\/579"}],"replies":[{"embeddable":true,"href":"https:\/\/archives.regards.fr\/index.php?rest_route=%2Fwp%2Fv2%2Fcomments&post=3871"}],"version-history":[{"count":0,"href":"https:\/\/archives.regards.fr\/index.php?rest_route=\/wp\/v2\/posts\/3871\/revisions"}],"wp:attachment":[{"href":"https:\/\/archives.regards.fr\/index.php?rest_route=%2Fwp%2Fv2%2Fmedia&parent=3871"}],"wp:term":[{"taxonomy":"category","embeddable":true,"href":"https:\/\/archives.regards.fr\/index.php?rest_route=%2Fwp%2Fv2%2Fcategories&post=3871"},{"taxonomy":"post_tag","embeddable":true,"href":"https:\/\/archives.regards.fr\/index.php?rest_route=%2Fwp%2Fv2%2Ftags&post=3871"}],"curies":[{"name":"wp","href":"https:\/\/api.w.org\/{rel}","templated":true}]}}