{"id":3859,"date":"2009-02-11T00:00:00","date_gmt":"2009-02-10T23:00:00","guid":{"rendered":"https:\/\/wp.muchomaas.com\/mobilisation-des-chercheurs3859\/"},"modified":"2009-02-11T00:00:00","modified_gmt":"2009-02-10T23:00:00","slug":"mobilisation-des-chercheurs3859","status":"publish","type":"post","link":"https:\/\/archives.regards.fr\/?p=3859","title":{"rendered":"Mobilisation des chercheurs :  Historique !"},"content":{"rendered":"<p>La mobilisation du 10 f\u00e9vrier 2009 pour la d\u00e9fense de l&#8217;enseignement sup\u00e9rieur et de la recherche est historique. Ce ne sont pas quelques milliers mais des dizaines de milliers d&#8217;enseignants-chercheurs, de chercheurs, d&#8217;ing\u00e9nieurs, d&#8217;\u00e9tudiants qui sont descendus aujourd&#8217;hui dans la rue et brav\u00e9 les intemp\u00e9ries. Paris a vu d\u00e9filer 40 000 personnes, avec de nombreuses d\u00e9l\u00e9gations venues d&#8217;universit\u00e9s en r\u00e9gion.<\/p>\n<p>Pour tenter de se sortir d&#8217;une situation de plus en plus bloqu\u00e9e, Val\u00e9rie P\u00e9cresse a propos\u00e9 la m\u00e9diation d&#8217;une repr\u00e9sentante de la Cour des Comptes cens\u00e9e intervenir sur la seule question du d\u00e9cret concernant le statut des enseignants-chercheurs. Cette op\u00e9ration de diversion montre que la ministre n&#8217;a absolument pas pris la mesure de l&#8217;ampleur du rejet actuel de sa politique. C&#8217;est l&#8217;ensemble de la contre-r\u00e9forme en cours qui est remis en cause. Il ne s&#8217;agit pas seulement de retirer le d\u00e9cret sur le statut des EC, mais aussi de r\u00e9pondre \u00e0 la demande cruciale sur l&#8217;emploi (r\u00e9tablissement de tous les postes supprim\u00e9s, annonce d&#8217;un plan pluri-annuel pour l&#8217;emploi). Enfin il va falloir donner des garanties concernant l&#8217;arr\u00eat du d\u00e9mant\u00e8lement du CNRS.<\/p>\n<p>Pour amplifier la mobilisation concernant ce dernier point, une Assembl\u00e9e G\u00e9n\u00e9rale est convoqu\u00e9e au si\u00e8ge du CNRS (3 rue Michel-Ange Paris 16e) ce jeudi 12 f\u00e9vrier \u00e0 10h. <\/p>\n<p>Appel\u00e9e par SLR et par plusieurs syndicats, elle concerne tous les personnels, quel que soit leur statut, qui travaillent dans des laboratoires associ\u00e9s au CNRS. Nous y prendrons des d\u00e9cisions pour nous opposer plus efficacement au d\u00e9mant\u00e8lement de cet organisme.<\/p>\n<p>Par ailleurs, une coordination nationale universitaire d\u00e9battra le 11 f\u00e9vrier des suites \u00e0 donner \u00e0 la mobilisation.<\/p>\n<p>Nicolas Sarkozy et Val\u00e9rie Pr\u00e9cresse auraient bien tort d&#8217;attendre un arr\u00eat spontan\u00e9 de la mobilisation. La col\u00e8re monte de tous c\u00f4t\u00e9s. Pour y r\u00e9pondre il ne suffira pas de proposer un simulacre de m\u00e9diation ni m\u00eame de retirer un projet de d\u00e9cret. Nous attendons une r\u00e9ponse globale, s\u00e9rieuse.<\/p>\n<p>Vous trouverez toutes les informations sur : http:\/\/www.sauvonslarecherche.fr\/spip.php?article2387<\/p>\n","protected":false},"excerpt":{"rendered":"<p>La mobilisation du 10 f\u00e9vrier 2009 pour la d\u00e9fense de l&#8217;enseignement sup\u00e9rieur et de la recherche est historique. Ce ne sont pas quelques milliers mais des dizaines de milliers d&#8217;enseignants-chercheurs, de chercheurs, d&#8217;ing\u00e9nieurs, d&#8217;\u00e9tudiants qui sont descendus aujourd&#8217;hui dans la rue et brav\u00e9 les intemp\u00e9ries. Paris a vu d\u00e9filer 40 000 personnes, avec de nombreuses [&hellip;]<\/p>\n","protected":false},"author":1,"featured_media":0,"comment_status":"open","ping_status":"open","sticky":false,"template":"","format":"standard","meta":{"_themeisle_gutenberg_block_has_review":false,"footnotes":""},"categories":[141],"tags":[311],"class_list":["post-3859","post","type-post","status-publish","format-standard","hentry","category-archives-web","tag-mouvement-social"],"_links":{"self":[{"href":"https:\/\/archives.regards.fr\/index.php?rest_route=\/wp\/v2\/posts\/3859","targetHints":{"allow":["GET"]}}],"collection":[{"href":"https:\/\/archives.regards.fr\/index.php?rest_route=\/wp\/v2\/posts"}],"about":[{"href":"https:\/\/archives.regards.fr\/index.php?rest_route=\/wp\/v2\/types\/post"}],"author":[{"embeddable":true,"href":"https:\/\/archives.regards.fr\/index.php?rest_route=\/wp\/v2\/users\/1"}],"replies":[{"embeddable":true,"href":"https:\/\/archives.regards.fr\/index.php?rest_route=%2Fwp%2Fv2%2Fcomments&post=3859"}],"version-history":[{"count":0,"href":"https:\/\/archives.regards.fr\/index.php?rest_route=\/wp\/v2\/posts\/3859\/revisions"}],"wp:attachment":[{"href":"https:\/\/archives.regards.fr\/index.php?rest_route=%2Fwp%2Fv2%2Fmedia&parent=3859"}],"wp:term":[{"taxonomy":"category","embeddable":true,"href":"https:\/\/archives.regards.fr\/index.php?rest_route=%2Fwp%2Fv2%2Fcategories&post=3859"},{"taxonomy":"post_tag","embeddable":true,"href":"https:\/\/archives.regards.fr\/index.php?rest_route=%2Fwp%2Fv2%2Ftags&post=3859"}],"curies":[{"name":"wp","href":"https:\/\/api.w.org\/{rel}","templated":true}]}}