{"id":3857,"date":"2008-01-01T00:00:00","date_gmt":"2007-12-31T23:00:00","guid":{"rendered":"https:\/\/wp.muchomaas.com\/inflation-carcerale3857\/"},"modified":"2008-01-01T00:00:00","modified_gmt":"2007-12-31T23:00:00","slug":"inflation-carcerale3857","status":"publish","type":"post","link":"https:\/\/archives.regards.fr\/?p=3857","title":{"rendered":"Inflation carc\u00e9rale"},"content":{"rendered":"<p>Traitement inhumain ou d\u00e9gradant dans les \u00e9tablissements p\u00e9nitentiaires. Si prompte \u00e0 donner des le\u00e7ons de droits de l&#8217;Homme, la France est \u00e0 nouveau point\u00e9e du doigt pour des pratiques indignes. Cette fois, c&#8217;est le Comit\u00e9 pour la pr\u00e9vention de la torture (CPT) du Conseil de l&#8217;Europe qui s&#8217;y colle. Rachida Dati, trop occup\u00e9e sans doute \u00e0 poser dans Paris Match et \u00e0 d\u00e9filer pour Christian Dior, a eu la discr\u00e9tion d&#8217;une violette sur le sujet. Certes on ne peut pas tout faire, mais le silence de la ministre sur une accusation gravissime relevant directement de sa comp\u00e9tence est aussi surr\u00e9aliste que celui de Fadela Amara au lendemain des r\u00e9voltes de Villiers-le-Bel. Les quelques r\u00e9ponses du gouvernement le sont tout autant. Dans le rapport du CPT, l&#8217;observation \u00abtraitement inhumain ou d\u00e9gradant\u00bb s&#8217;appliquait aux d\u00e9tenus atteints de troubles psychiatriques (20 % des prisonniers). \/\/\u00abCertains d\u00e9tenus pr\u00e9sentant des \u00e9tats de souffrance aigu\u00eb \u00e9taient plac\u00e9s en cellule d&#8217;isolement, trait\u00e9s sous contrainte si n\u00e9cessaire, et oblig\u00e9s de rester nus en cellule, soumis \u00e0 un contr\u00f4le visuel r\u00e9gulier du personnel p\u00e9nitentiaire\u00bb\/, raconte le rapport. Sur ce point, le gouvernement affirme envisager des pyjamas d\u00e9chirables, car les d\u00e9tenus sont jet\u00e9s nus dans une cellule afin d&#8217;\u00e9viter les suicides par pendaison. Cela n&#8217;a bien entendu rien \u00e0 voir avec une quelconque humiliation. Quant aux menottes et entraves que le CPT d\u00e9nonce dans certaines chambres s\u00e9curis\u00e9es d&#8217;h\u00f4pital, le gouvernement d\u00e9ment purement et simplement. Ni menottes ni entraves, mais \u00abcontentions\u00bb. Nous voil\u00e0 rassur\u00e9s. <\/p>\n<p>Alors que se pr\u00e9parent les discussions devant le Parlement en vue d&#8217;un nouveau texte sur le sujet, que dire de la politique p\u00e9nitentiaire du gouvernement? Son objectif affich\u00e9 est de se conformer aux r\u00e8gles du Conseil de l&#8217;Europe adopt\u00e9es en janvier 2006: respect des droits de l&#8217;Homme, gestion de la d\u00e9tention de mani\u00e8re \u00e0 faciliter la r\u00e9int\u00e9gration dans la soci\u00e9t\u00e9 libre, contr\u00f4le r\u00e9gulier des \u00e9tablissements par une autorit\u00e9 ind\u00e9pendante&#8230; Des intentions qui r\u00e9jouiraient les pays nord-europ\u00e9ens, dont tout cela est inspir\u00e9. Dans les faits, aucune chance d&#8217;atteindre ces objectifs. Surpopulation et inflation carc\u00e9rale en sont les principaux obstacles. Car une politique p\u00e9nitentiaire ne fonctionne \u00e9videmment pas seule. Elle ne peut \u00eatre efficace que lorsque les enjeux en amont et en aval sont pris \u00e0 bras-le-corps : comment fait-on la police, comment rend-on justice et comment favorise-t-on la r\u00e9insertion? Sur le premier point, la politique s\u00e9curitaire mise en place depuis 2002 par Nicolas Sarkozy n&#8217;est pas de nature \u00e0 faire reculer l&#8217;inflation carc\u00e9rale. En ce qui concerne la justice, affirmer vouloir se conformer aux r\u00e8gles du Conseil de l&#8217;Europe et instaurer les peines planchers rel\u00e8ve du double discours, voire de la schizophr\u00e9nie. Car, d&#8217;un avis relativement consensuel chez les chercheurs et magistrats, cette mesure pourrait faire encore exploser la population carc\u00e9rale \u00e0 hauteur de 10000 d\u00e9tenus suppl\u00e9mentaires sur cinq ans. D&#8217;ailleurs, au minist\u00e8re on se pr\u00e9pare surtout \u00e0 augmenter le nombre de places disponibles derri\u00e8re les barreaux:<em> \u00abIl existe actuellement 50727 places. En 2012, 63000 places seront disponibles\u00bb <\/em>, se r\u00e9jouit-on chez Dati. <\/p>\n<p>Par ailleurs, contrairement \u00e0 l&#8217;id\u00e9e re\u00e7ue et aux accusations sarkozyennes de laxisme des juges, les peines effectu\u00e9es sont de plus en plus longues et les condamnations de plus en plus lourdes. 20,5% des condamn\u00e9s \u00e0 perp\u00e9tuit\u00e9 lib\u00e9r\u00e9s entre 1995 et 2005 ont pass\u00e9 plus de vingt-deux ans en d\u00e9tention, contre 1,6% entre 1961 et 1980. Il faut ajouter le projet de loi \u00abrelatif \u00e0 la r\u00e9tention de s\u00fbret\u00e9 et \u00e0 la d\u00e9claration d&#8217;irresponsabilit\u00e9 p\u00e9nale pour cause de trouble mental\u00bb. En d&#8217;autres termes, la prison apr\u00e8s la prison, qui permettrait de mettre \u00abhors d&#8217;\u00e9tat de nuire\u00bb en maintenant en d\u00e9tention les auteurs de crimes sur mineurs de moins de 15ans. Autant de dispositions de nature \u00e0 engorger les structures d&#8217;enfermement. Mais il faut rendre justice \u00e0 Sarkozy. La d\u00e9p\u00e9nalisation du droit des affaires demand\u00e9e par le pr\u00e9sident \u00e0 Rachida Dati devrait permettre aux auteurs de d\u00e9linquance en col blanc de ne pas remplir inutilement les prisons. <\/p>\n<p>Le pr\u00e9sident et son gouvernement font en revanche preuve d&#8217;une coh\u00e9rence \u00e0 toute \u00e9preuve sur la casse syst\u00e9matique de toute opposition. Avec une opposition \u00e0 genoux et pour qui le bilan politique en milieu carc\u00e9ral n&#8217;est gu\u00e8re plus reluisant, la seule v\u00e9ritable opposition est associative. D&#8217;ailleurs Matignon ne s&#8217;y est pas tromp\u00e9 en portant un coup qui pourrait \u00eatre fatal \u00e0 l&#8217;Observatoire international des prisons (OIP). Ce contrepouvoir (1), \u00e0 peu pr\u00e8s seul dans le d\u00e9sert, devra d\u00e9sormais se passer de la subvention annuelle de Matignon, qui \u00e9tait d\u00e9livr\u00e9e, comme l&#8217;avait rappel\u00e9 Dominique de Villepin,<em> \u00ab\u00e0 titre humanitaire\u00bb <\/em>. Tr\u00e8s active, la structure proc\u00e8de \u00e0 des enqu\u00eates et rend compte avec minutie des dysfontionnements et manquements aux droits en milieu carc\u00e9ral. L&#8217;association soutient \u00e9galement les d\u00e9tenus pour faire valoir leurs droits et s&#8217;appuie sur les textes nationaux et internationaux relatifs aux droits de l&#8217;Homme&#8230; Bref, l&#8217;OIP s&#8217;\u00e9l\u00e8ve contre les traitements<em> \u00abinhumains ou d\u00e9gradants\u00bb <\/em>, ceux-l\u00e0 m\u00eame que le Comit\u00e9 pour la pr\u00e9vention de la torture trouvent un peu trop fr\u00e9quents derri\u00e8re les barreaux hexagonaux. <strong> R.D. <\/strong><\/p>\n<p>[[1. Un appel aux dons de l&#8217;association se trouve sur son site : http:\/\/www.oip.org]]<\/p>\n","protected":false},"excerpt":{"rendered":"<p>Traitement inhumain ou d\u00e9gradant dans les \u00e9tablissements p\u00e9nitentiaires. Si prompte \u00e0 donner des le\u00e7ons de droits de l&#8217;Homme, la France est \u00e0 nouveau point\u00e9e du doigt pour des pratiques indignes. Cette fois, c&#8217;est le Comit\u00e9 pour la pr\u00e9vention de la torture (CPT) du Conseil de l&#8217;Europe qui s&#8217;y colle. Rachida Dati, trop occup\u00e9e sans doute [&hellip;]<\/p>\n","protected":false},"author":569,"featured_media":0,"comment_status":"open","ping_status":"open","sticky":false,"template":"","format":"standard","meta":{"_themeisle_gutenberg_block_has_review":false,"footnotes":""},"categories":[141],"tags":[328],"class_list":["post-3857","post","type-post","status-publish","format-standard","hentry","category-archives-web","tag-editorial"],"_links":{"self":[{"href":"https:\/\/archives.regards.fr\/index.php?rest_route=\/wp\/v2\/posts\/3857","targetHints":{"allow":["GET"]}}],"collection":[{"href":"https:\/\/archives.regards.fr\/index.php?rest_route=\/wp\/v2\/posts"}],"about":[{"href":"https:\/\/archives.regards.fr\/index.php?rest_route=\/wp\/v2\/types\/post"}],"author":[{"embeddable":true,"href":"https:\/\/archives.regards.fr\/index.php?rest_route=\/wp\/v2\/users\/569"}],"replies":[{"embeddable":true,"href":"https:\/\/archives.regards.fr\/index.php?rest_route=%2Fwp%2Fv2%2Fcomments&post=3857"}],"version-history":[{"count":0,"href":"https:\/\/archives.regards.fr\/index.php?rest_route=\/wp\/v2\/posts\/3857\/revisions"}],"wp:attachment":[{"href":"https:\/\/archives.regards.fr\/index.php?rest_route=%2Fwp%2Fv2%2Fmedia&parent=3857"}],"wp:term":[{"taxonomy":"category","embeddable":true,"href":"https:\/\/archives.regards.fr\/index.php?rest_route=%2Fwp%2Fv2%2Fcategories&post=3857"},{"taxonomy":"post_tag","embeddable":true,"href":"https:\/\/archives.regards.fr\/index.php?rest_route=%2Fwp%2Fv2%2Ftags&post=3857"}],"curies":[{"name":"wp","href":"https:\/\/api.w.org\/{rel}","templated":true}]}}