{"id":3855,"date":"2007-09-01T00:00:00","date_gmt":"2007-08-31T22:00:00","guid":{"rendered":"https:\/\/wp.muchomaas.com\/affronter-nicolas-sarkozy3855\/"},"modified":"2007-09-01T00:00:00","modified_gmt":"2007-08-31T22:00:00","slug":"affronter-nicolas-sarkozy3855","status":"publish","type":"post","link":"https:\/\/archives.regards.fr\/?p=3855","title":{"rendered":"Affronter Nicolas Sarkozy"},"content":{"rendered":"<p>\u00eave estivale aura consist\u00e9 \u00e0 b\u00e9tonner le rideau de fum\u00e9e. Pendant que la une des journaux s&#8217;int\u00e9resse au \u00ab myst\u00e8re C\u00e9cilia \u00bb ou au monstrueux Francis Evrard, le c\u0153ur de la politique sarkozyenne est \u00e9pargn\u00e9. S&#8217;il est un domaine que Nicolas Sarkozy ma\u00eetrise, c&#8217;est bien celui des m\u00e9dias. Oui, le nouveau pr\u00e9sident brille par son art de la communication. Et il ressemble un peu \u00e0 la mouche \u00ab ts\u00e9-ts\u00e9 \u00bb, celle qui endort sans crier gare&#8230;<\/p>\n<p>Avec l&#8217;appui orchestr\u00e9 de la premi\u00e8re dame de France et l&#8217;absence tout aussi orchestr\u00e9e du ministre des Affaires \u00e9trang\u00e8res, Sarkozy s&#8217;est appropri\u00e9 la lib\u00e9ration des infirmi\u00e8res bulgares, faisant oublier le long travail des instances europ\u00e9ennes et niant tout \u00e9change avec la Libye. L&#8217;objectif fut d&#8217;appara\u00eetre comme LE sauveur, en masquant les enjeux g\u00e9opolitiques et les m\u00e9thodes employ\u00e9es. Plus r\u00e9cemment, l&#8217;affaire du petit Ernis, victime d&#8217;un p\u00e9dophile r\u00e9cidiviste, a aussi donn\u00e9 l&#8217;occasion d&#8217;une prise en charge personnelle du chef de l&#8217;Etat, clamant, tel un h\u00e9ros viril de roman policier : \u00ab Je ne laisserai pas des pr\u00e9dateurs de ce type en libert\u00e9. \u00bb Nicolas Sarkozy veut montrer qu&#8217;il est la figure du p\u00e8re protecteur des Fran\u00e7ais. Pas \u00e9tonnant que la mort accidentelle d&#8217;un marin p\u00eacheur ait suscit\u00e9 l&#8217;appel \u00e9plor\u00e9 de sa femme au chef de l&#8217;Etat, somm\u00e9 d&#8217;\u00eatre sur tous les fronts de faits divers. Le pr\u00e9sident s&#8217;assure une pr\u00e9sence sur des terrains (apparemment) consensuels, quitte \u00e0 d\u00e9politiser le sujet, telle la criminalit\u00e9 sexuelle : la simple rh\u00e9torique r\u00e9pressive de type \u00ab le violeur est un malade mental, il faut l&#8217;enfermer \u00bb permet d&#8217;\u00e9liminer toute analyse en termes de rapports sociaux, toute politique de pr\u00e9vention, toute r\u00e9flexion sur le sens de l&#8217;incarc\u00e9ration. <\/p>\n<p>La m\u00e9thode avait \u00e9t\u00e9 \u00e9prouv\u00e9e au minist\u00e8re de l&#8217;Int\u00e9rieur : parler, se d\u00e9placer, mettre en sc\u00e8ne ses interventions sur des sujets qui rel\u00e8vent du \u00ab coup \u00bb, du sensationnel, qui ont suscit\u00e9 l&#8217;\u00e9motion dans le pays. Exit le d\u00e9bat sur les grandes orientations politiques lib\u00e9rales et autoritaires qu&#8217;il met en \u0153uvre par ailleurs. M\u00eame s&#8217;il a gagn\u00e9 l&#8217;\u00e9lection, Nicolas Sarkozy a conscience du rejet qu&#8217;il a suscit\u00e9 pendant toute la campagne et tente de d\u00e9jouer l&#8217;image d&#8217;un homme dangereux pour la d\u00e9mocratie. Le champion de l&#8217;UMP est capable de promettre une loi sur les golden parachutes pour mieux faire avaler la d\u00e9r\u00e9glementation du march\u00e9 et les ristournes pour les riches ou de nommer Rachida Dati et Fadela Amara au gouvernement pour mieux masquer la logique r\u00e9pressive en mati\u00e8re d&#8217;immigration. La nomination de ministres issus des rangs de la gauche a non seulement permis d&#8217;anesth\u00e9sier l&#8217;opposition mais contribue \u00e0 d\u00e9diaboliser Sarkozy. La gauche, qui a bien charg\u00e9 le personnage, serait-elle prise \u00e0 son propre pi\u00e8ge ?<\/p>\n<p>Si l&#8217;effet Sarkozy fonctionne (pour le moment, les emb\u00fbches arrivent&#8230;), c&#8217;est aussi parce que la gauche peine \u00e0 taper juste. C&#8217;est que le d\u00e9ficit d&#8217;alternative globale et de dynamique politique p\u00e8se&#8230; Un poil diserte sur les vacances luxueuses du couple pr\u00e9sidentiel, la gauche a donn\u00e9 un peu de voix sur les cadeaux fiscaux concoct\u00e9s avant l&#8217;\u00e9t\u00e9 mais s&#8217;est montr\u00e9e bien atone sur l&#8217;universit\u00e9, les peines planchers, la chasse aux immigr\u00e9s, la crise mon\u00e9taire internationale&#8230; Sur l&#8217;universit\u00e9, par exemple, le gouvernement a eu raison des premi\u00e8res critiques s\u00e9v\u00e8res gr\u00e2ce \u00e0 quelques gommages du projet de loi. \u00c7a tangue au moment o\u00f9 Val\u00e9rie P\u00e9cresse r\u00e9v\u00e8le le projet ? Qu&#8217;\u00e0 cela ne tienne, Nicolas monte himself au cr\u00e9neau, re\u00e7oit tout le monde et l&#8217;effet soporifique est en marche. Le fond du projet sur l&#8217;autonomie des universit\u00e9s, qui m\u00e8ne \u00e0 la mise en concurrence et \u00e0 la marchandisation de l&#8217;\u00e9ducation, est rest\u00e9 intact mais \u00e7a passe&#8230; <\/p>\n<p>Autre enjeu sensible, la politique contre les immigr\u00e9s ne trouve pas de r\u00e9sistance politique \u00e0 la hauteur, faute de corpus id\u00e9ologique partag\u00e9 \u00e0 gauche sur ce sujet : c&#8217;est RESF (r\u00e9seau \u00e9ducation sans fronti\u00e8re), et donc la mobilisation citoyenne, qui tient avec t\u00e9nacit\u00e9 la drag\u00e9e haute face aux rafles, \u00e0 la traque des sans-papiers. La gauche de gauche est investie sur ce terrain mais, apr\u00e8s son \u00e9chec collectif \u00e0 la pr\u00e9sidentielle, elle est comme aphone. <\/p>\n<p>Sur le reste aussi, pour l&#8217;instant d&#8217;ailleurs&#8230; A tel point que la r\u00e9organisation des r\u00e9dactions semble s&#8217;op\u00e9rer \u00e0 son d\u00e9triment. Le PS fait l&#8217;objet de toute l&#8217;attention des m\u00e9dias quand notre espace est renvoy\u00e9 \u00e0 la marginalit\u00e9. <\/p>\n<p>Or, la gauche d&#8217;alternative, si elle sait se mettre en mouvement, peut retrouver rapidement un large \u00e9cho populaire : on a \u00e9prouv\u00e9 ce retournement de situation au moment du r\u00e9f\u00e9rendum europ\u00e9en. A une condition : offrir un projet global et coh\u00e9rent, construire un cadre suffisamment large pour lui donner de l&#8217;\u00e9cho. Gamberger sur le fond est un pr\u00e9alable \u00e0 toute renaissance, toute refondation, toute recomposition. C&#8217;est bien sur le projet, sa coh\u00e9rence, sa capacit\u00e9 \u00e0 s&#8217;inscrire dans la dur\u00e9e, \u00e0 traduire une vis\u00e9e, \u00e0 avoir de la cr\u00e9dibilit\u00e9, que les \u00ab antilib\u00e9raux \u00bb : pour reprendre une appellation qu&#8217;il faudra sans doute repenser : sont avant tout attendus. Les vieilles recettes et les slogans \u00e9cul\u00e9s n&#8217;y suffiront pas. Le monde a chang\u00e9. La critique du capitalisme et de toutes les formes d&#8217;oppression et de domination reste d&#8217;une totale modernit\u00e9, comme l&#8217;a encore montr\u00e9 le triste \u00e9pisode des \u00ab subprimes \u00bb et de la crise mon\u00e9taire internationale : encore faut-il le donner \u00e0 voir et recr\u00e9er l&#8217;espoir d&#8217;une possible transformation sociale. Encore faut-il analyser avec pr\u00e9cision les ressorts du capitalisme contemporain. Encore faut-il fabriquer du liant entre tous les combats \u00e9mancipateurs et faire \u00e9merger leur convergence. Pour atteindre ces objectifs, nous avons besoin d&#8217;une nouvelle force politique qui s&#8217;appuie sur les diff\u00e9rentes traditions de la gauche critique, qui sache les articuler et faire vivre, par un contenu, des profils et un vocabulaire profond\u00e9ment renouvel\u00e9s, une gauche de gauche. Apr\u00e8s le cycle \u00e9lectoral douloureux qui a vu na\u00eetre et mourir l&#8217;espoir d&#8217;une candidature unitaire, la braise est encore chaude. Mais si les solutions ne peuvent venir d&#8217;un PS de plus en plus tourn\u00e9 vers le centre, rebaptis\u00e9 Modem, et pr\u00eat \u00e0 reproduire les \u00e9checs des social-d\u00e9mocraties europ\u00e9ennes, il faudra bien que l&#8217;autre gauche se mette en mouvement, en situation de constituer une alternative \u00e0 la politique conservatrice et ultralib\u00e9rale de la droite au pouvoir.<\/p>\n<p>La rentr\u00e9e sociale aura \u00e9videmment un impact consid\u00e9rable. La franchise m\u00e9dicale pourrait bien r\u00e9chauffer la temp\u00e9rature&#8230; Car cette mesure antisociale est f\u00e9d\u00e9ratrice. Elle suscite d\u00e9j\u00e0 l&#8217;unit\u00e9 syndicale, avec un premier rendez-vous important le 29 septembre dans la rue. La force de la mobilisation face \u00e0 Nicolas Sarkozy sera d\u00e9terminante pour contrer tous les reculs. Mais l&#8217;affrontement global sur le terrain politique sera incontournable. On se souvient de novembre-d\u00e9cembre 1995. On attend encore la traduction politique d&#8217;un \u00e9lan contestataire historique&#8230; Prenons le temps de la r\u00e9invention politique. Sans perdre trop de temps. <strong> C.A. <\/strong><\/p>\n<p><em> Regards <\/em> n\u00b043, septembre 2007<\/p>\n","protected":false},"excerpt":{"rendered":"<p>\u00eave estivale aura consist\u00e9 \u00e0 b\u00e9tonner le rideau de fum\u00e9e. Pendant que la une des journaux s&#8217;int\u00e9resse au \u00ab myst\u00e8re C\u00e9cilia \u00bb ou au monstrueux Francis Evrard, le c\u0153ur de la politique sarkozyenne est \u00e9pargn\u00e9. S&#8217;il est un domaine que Nicolas Sarkozy ma\u00eetrise, c&#8217;est bien celui des m\u00e9dias. Oui, le nouveau pr\u00e9sident brille par son [&hellip;]<\/p>\n","protected":false},"author":570,"featured_media":0,"comment_status":"open","ping_status":"open","sticky":false,"template":"","format":"standard","meta":{"_themeisle_gutenberg_block_has_review":false,"footnotes":""},"categories":[141],"tags":[328],"class_list":["post-3855","post","type-post","status-publish","format-standard","hentry","category-archives-web","tag-editorial"],"_links":{"self":[{"href":"https:\/\/archives.regards.fr\/index.php?rest_route=\/wp\/v2\/posts\/3855","targetHints":{"allow":["GET"]}}],"collection":[{"href":"https:\/\/archives.regards.fr\/index.php?rest_route=\/wp\/v2\/posts"}],"about":[{"href":"https:\/\/archives.regards.fr\/index.php?rest_route=\/wp\/v2\/types\/post"}],"author":[{"embeddable":true,"href":"https:\/\/archives.regards.fr\/index.php?rest_route=\/wp\/v2\/users\/570"}],"replies":[{"embeddable":true,"href":"https:\/\/archives.regards.fr\/index.php?rest_route=%2Fwp%2Fv2%2Fcomments&post=3855"}],"version-history":[{"count":0,"href":"https:\/\/archives.regards.fr\/index.php?rest_route=\/wp\/v2\/posts\/3855\/revisions"}],"wp:attachment":[{"href":"https:\/\/archives.regards.fr\/index.php?rest_route=%2Fwp%2Fv2%2Fmedia&parent=3855"}],"wp:term":[{"taxonomy":"category","embeddable":true,"href":"https:\/\/archives.regards.fr\/index.php?rest_route=%2Fwp%2Fv2%2Fcategories&post=3855"},{"taxonomy":"post_tag","embeddable":true,"href":"https:\/\/archives.regards.fr\/index.php?rest_route=%2Fwp%2Fv2%2Ftags&post=3855"}],"curies":[{"name":"wp","href":"https:\/\/api.w.org\/{rel}","templated":true}]}}