{"id":3854,"date":"2007-10-01T00:00:00","date_gmt":"2007-09-30T22:00:00","guid":{"rendered":"https:\/\/wp.muchomaas.com\/sarkozy-la-strategie-du3854\/"},"modified":"2007-10-01T00:00:00","modified_gmt":"2007-09-30T22:00:00","slug":"sarkozy-la-strategie-du3854","status":"publish","type":"post","link":"https:\/\/archives.regards.fr\/?p=3854","title":{"rendered":"Sarkozy, la   strat\u00e9gie du pragmatisme"},"content":{"rendered":"<p class=\"post_excerpt\"> Les forces de gauche ont raison de caract\u00e9riser l&#8217;action de Nicolas Sarkozy comme<em> \u00abla plus vaste offensive antisociale de ces cinquante derni\u00e8res ann\u00e9es\u00bb <\/em> <\/p>\n<p>. L&#8217;accumulation des remises en cause dessine une nouvelle soci\u00e9t\u00e9. Par un coup d&#8217;Etat quotidien, Sarkozy instaure un r\u00e9gime pr\u00e9sidentiel. Sans pouvoir pour le Parlement. Il utilise cette puissance sans bornes pour remettre en cause m\u00e9thodiquement les bases de la soci\u00e9t\u00e9 fran\u00e7aise. La liste s&#8217;allonge chaque jour des r\u00e9formes r\u00e9gressives impos\u00e9es hors concertation, des lois vot\u00e9es hors discussion s\u00e9rieuse au Parlement. Ce d\u00e9but d&#8217;automne sera celui d&#8217;une premi\u00e8re riposte sociale n\u00e9cessaire. Seule ces mobilisations peuvent apporter l&#8217;\u00e9nergie pour faire face dans les entreprises comme dans les territoires&#8230; Elles seront le carburant de l&#8217;indispensable relance des r\u00e9flexions politiques. Sur ce terrain, l&#8217;exigence est \u00e9lev\u00e9e.<\/p>\n<p>La gauche est comme m\u00e9dus\u00e9e par la puissance mais aussi l&#8217;habilet\u00e9 du pr\u00e9sident. Celui qui a conquis son camp en revendiquant \u00abune droite d\u00e9complex\u00e9e\u00bb ne cesse d&#8217;\u00e9luder ses r\u00e9f\u00e9rences par un pragmatisme revendiqu\u00e9. Elu, Sarkozy ne cherche plus l&#8217;affrontement sur le terrain d&#8217;une vision de la soci\u00e9t\u00e9 et du monde, mais sur celui de l&#8217;efficacit\u00e9. <\/p>\n<p>Cette strat\u00e9gie du pragmatisme s&#8217;attaque aux deux dimensions de la gauche, \u00e0 son aspect le plus politique et id\u00e9ologique d&#8217;une part, \u00e0 son ancrage dans la gestion et l&#8217;efficacit\u00e9 concr\u00e8te, d&#8217;autre part.  Sarkozy siphonne le terrain id\u00e9ologique en tentant de vider de tout contenu les combats politiques. Apr\u00e8s l&#8217;op\u00e9ration d\u00e9bauchage, il s&#8217;attache \u00e0 d\u00e9vitaliser une \u00e0 une les luttes et r\u00e9f\u00e9rences qui ont structur\u00e9 la gauche. En ligne de mire: le f\u00e9minisme, l&#8217;\u00e9cologie, l&#8217;anticolonialisme et le communisme. <\/p>\n<p>Contre toute \u00e9vidence, il affirme que l&#8217;\u00e9galit\u00e9 entre les hommes et les femmes fait partie des valeurs de la France. Le f\u00e9minisme institutionnalis\u00e9, instrumentalis\u00e9&#8230; est, autant dire, lessiv\u00e9. <\/p>\n<p>D\u00e8s son \u00e9lection, il met en place le \u00abgrand-minist\u00e8re-de-l&#8217;Environnement-et-du-D\u00e9veloppement-durable\u00bb promu par Nicolas Hulot, et organise un Grenelle de l&#8217;environnement charg\u00e9 d&#8217;int\u00e9grer ces questions \u00e0 l&#8217;actif de la droite. Objectif: sortir l&#8217;\u00e9cologie de tout enjeu politique. Out l&#8217;interpellation \u00e9cologiste sur le mode de d\u00e9veloppement et la critique du lib\u00e9ralisme \u00e9conomique. Le 26 juillet, il se rend \u00e0 Dakar, pour prononcer un discours \u00e9crit dans la langue grandiloquente de l&#8217;homme blanc qui conseille aux Noirs de se respecter et de prendre en charge leur destin. Il reprend les th\u00e8ses de la colonisation positive. La r\u00e9action ne s&#8217;est pas fait attendre du c\u00f4t\u00e9 des intellectuels africains. Silence c\u00f4t\u00e9 France. Il vitrifie le communisme&#8230; et \u00e9crit l&#8217;histoire. Le 22 octobre, la R\u00e9publique va offrir une sorte d&#8217;hommage national \u00e0 Guy M\u00f4quet. La R\u00e9sistance et le communisme ne peuvent s&#8217;accommoder de cette mise sous naphtaline. L&#8217;entreprise vise loin. Sarkozy revient par la fen\u00eatre avec la volont\u00e9 d&#8217;\u00e9tablir une v\u00e9rit\u00e9 officielle de l&#8217;histoire de France. N&#8217;\u00e9crit-il pas \u00e0 la ministre de la Culture:<em> \u00abL&#8217;\u00e9cole doit transmettre \u00e0 tous les \u00e9l\u00e8ves les bases culturelles fondamentales leur permettant de conna\u00eetre et d&#8217;aimer l&#8217;histoire, la langue et le patrimoine litt\u00e9raire et artistique de notre pays : condition pour se sentir membres d&#8217;une m\u00eame Nation\u00bb? <\/em> <\/p>\n<p>F\u00e9minisme, \u00e9cologie, anticolonialisme, communisme: par des discours et des actions embl\u00e9matiques, Sarkozy s&#8217;attache \u00e0 vider de contenu des engagements de l&#8217;apr\u00e8s-guerre et de l&#8217;apr\u00e8s-1968. Il appuie l\u00e0 o\u00f9 \u00e7a fait mal: ces mouvements peinent \u00e0 red\u00e9finir leur sens dans ce d\u00e9but de XXIe si\u00e8cle (on lira sur l&#8217;enjeu de l&#8217;\u00e9cologie politique l&#8217;analyse ici : https:\/\/wp.muchomaas.com\/article\/?id=2961).<\/p>\n<p>Sarkozy technicise la politique et l\u00e9gitime ses choix politiques par leur pr\u00e9tendue \u00abefficacit\u00e9\u00bb. Pour faire avaler l&#8217;am\u00e8re pilule d&#8217;une id\u00e9ologie bien \u00e0 droite, il l&#8217;enrobe dans le sucre neutre de la \u00abtechnique manag\u00e9riale\u00bb. Les mots comme les techniques utilis\u00e9s pour conduire l&#8217;action du gouvernement puisent leurs sources dans l&#8217;univers de la grande entreprise. Il s&#8217;agit d&#8217;\u00e9tablir \u00abun partenariat renouvel\u00e9 et durable\u00bb entre le minist\u00e8re de la Culture et celui de l&#8217;Education nationale; il est d\u00e9sormais pr\u00e9vu de doubler les pr\u00e9sidents d&#8217;universit\u00e9 et directeurs d&#8217;institutions culturelles de \u00abgestionnaires confirm\u00e9s\u00bb ; les ministres doivent rendre des comptes au moyen de \u00abtableaux de bord\u00bb mensuels ; les ministres sont doubl\u00e9s d&#8217;un conseiller sp\u00e9cial plac\u00e9 aux c\u00f4t\u00e9s du pr\u00e9sident, histoire de mettre chacun sous pression et tout le monde en concurrence. Pour que ce soit bien clair, Fran\u00e7ois Fillon compare la France \u00e0 une entreprise \u00aben faillite\u00bb. Quarante ans apr\u00e8s l&#8217;introduction des normes de la comptabilit\u00e9 priv\u00e9e dans le domaine des services publics, un pas de plus est franchi. Ces m\u00e9thodes de gouvernement technicisent la politique, la naturalisent, installent au c\u0153ur de l&#8217;Etat une conception univoque de l&#8217;efficacit\u00e9 et posent que seule la comp\u00e9tition g\u00e9n\u00e9ralis\u00e9e est la cl\u00e9 de l&#8217;efficacit\u00e9. <\/p>\n<p>Sur cette base, le gouvernement lamine le principe de solidarit\u00e9 de la S\u00e9curit\u00e9 sociale, remet en cause l&#8217;ind\u00e9pendance des fonctionnaires prot\u00e9g\u00e9s par leur statut, d\u00e9fait les r\u00e9gimes sp\u00e9ciaux de retraite, attaque le droit du travail, ratifie le protocole de Londres qui porte un coup \u00e0 la recherche en fran\u00e7ais&#8230; Sans une vision du monde alternative, il ne sera pas possible de faire face. Dans la course \u00e0 la stricte efficacit\u00e9, ind\u00e9pendamment d&#8217;un d\u00e9bat sur les finalit\u00e9s, la gauche perd.<\/p>\n<p>Par cette approche \u00abpragmatique\u00bb Sarkozy peut m\u00eame faire passer les mesures les plus r\u00e9actionnaires et les plus inqui\u00e9tantes. L&#8217;ADN, marqueur biologique, serait ainsi sollicit\u00e9 pour \u00e9tablir la filiation en cas de regroupement familial. Au travers d&#8217;une mesure pr\u00e9sent\u00e9e comme technique, il introduit une conception biologisante de la famille absolument contraire aux traditions humaines et \u00e0 l&#8217;\u00e9thique. Cette biologisation du social est au c\u0153ur d&#8217;une approche de droite radicalis\u00e9e. Elle s&#8217;\u00e9tait d\u00e9j\u00e0 fait entendre lors de la campagne sur les d\u00e9linquants sexuels. Elle tend \u00e0 d\u00e9sormais s&#8217;institutionnaliser. <\/p>\n<p>Quatre mois de pr\u00e9sidence permettent de mesurer l&#8217;ampleur du danger: il est social, politique, id\u00e9ologique. Une rupture profonde est \u00e0 l&#8217;\u0153uvre. La r\u00e9sistance sur le terrain du social, n\u00e9cessaire, ne suffira pas. Escompter des victoires politiques aux \u00e9lections interm\u00e9diaires ne fera pas davantage le compte. La gauche est en devoir de reconstruire une vision du monde. Il lui faudra plus qu&#8217;invoquer ses fondamentaux. La lucidit\u00e9 de regarder les faiblesses de toutes les gauches, de s&#8217;atteler \u00e0 reconstruire des r\u00e9ponses pour aujourd&#8217;hui, des propositions, des discours alternatifs, voil\u00e0 l&#8217;urgence. <strong> Catherine Tricot <\/strong><\/p>\n<p>Paru dans<em> Regards <\/em> n\u00b044, octobre 2007<\/p>\n","protected":false},"excerpt":{"rendered":"<p> Les forces de gauche ont raison de caract\u00e9riser l&#8217;action de Nicolas Sarkozy comme<em> \u00abla plus vaste offensive antisociale de ces cinquante derni\u00e8res ann\u00e9es\u00bb <\/em> <\/p>\n","protected":false},"author":464,"featured_media":0,"comment_status":"open","ping_status":"open","sticky":false,"template":"","format":"standard","meta":{"_themeisle_gutenberg_block_has_review":false,"footnotes":""},"categories":[141],"tags":[328],"class_list":["post-3854","post","type-post","status-publish","format-standard","hentry","category-archives-web","tag-editorial"],"_links":{"self":[{"href":"https:\/\/archives.regards.fr\/index.php?rest_route=\/wp\/v2\/posts\/3854","targetHints":{"allow":["GET"]}}],"collection":[{"href":"https:\/\/archives.regards.fr\/index.php?rest_route=\/wp\/v2\/posts"}],"about":[{"href":"https:\/\/archives.regards.fr\/index.php?rest_route=\/wp\/v2\/types\/post"}],"author":[{"embeddable":true,"href":"https:\/\/archives.regards.fr\/index.php?rest_route=\/wp\/v2\/users\/464"}],"replies":[{"embeddable":true,"href":"https:\/\/archives.regards.fr\/index.php?rest_route=%2Fwp%2Fv2%2Fcomments&post=3854"}],"version-history":[{"count":0,"href":"https:\/\/archives.regards.fr\/index.php?rest_route=\/wp\/v2\/posts\/3854\/revisions"}],"wp:attachment":[{"href":"https:\/\/archives.regards.fr\/index.php?rest_route=%2Fwp%2Fv2%2Fmedia&parent=3854"}],"wp:term":[{"taxonomy":"category","embeddable":true,"href":"https:\/\/archives.regards.fr\/index.php?rest_route=%2Fwp%2Fv2%2Fcategories&post=3854"},{"taxonomy":"post_tag","embeddable":true,"href":"https:\/\/archives.regards.fr\/index.php?rest_route=%2Fwp%2Fv2%2Ftags&post=3854"}],"curies":[{"name":"wp","href":"https:\/\/api.w.org\/{rel}","templated":true}]}}