{"id":3847,"date":"2009-02-10T00:00:00","date_gmt":"2009-02-09T23:00:00","guid":{"rendered":"https:\/\/wp.muchomaas.com\/sur-les-pas-des-exiles-d-iran3847\/"},"modified":"2009-02-10T00:00:00","modified_gmt":"2009-02-09T23:00:00","slug":"sur-les-pas-des-exiles-d-iran3847","status":"publish","type":"post","link":"https:\/\/archives.regards.fr\/?p=3847","title":{"rendered":"Sur les pas des exil\u00e9s d&#8217;Iran"},"content":{"rendered":"<p><doc195><strong> \u00ab Pour un instant, la libert\u00e9 \u00bb <\/strong> est une fiction, humaniste et tellement r\u00e9aliste, r\u00e9alis\u00e9e par Arash T. Riahi. Ce jeune r\u00e9alisateur, d&#8217;origine iranienne, a su mettre en image le p\u00e9riple des exil\u00e9s iraniens \u00e0 la fin des ann\u00e9es 70, histoire assez proche de ce qu&#8217;il a v\u00e9cu lui et sa famille en 1981. Ali et Merdad, deux jeunes qui r\u00eavent d&#8217;une vie o\u00f9 ils pourront \u00e9tudier et sortir avec des filles, aident leurs petits cousins \u00e0 quitter l&#8217;Iran clandestinement afin que ces derniers retrouvent leurs parents qui se trouvent d\u00e9j\u00e0 en Autriche. Ici commence une longue route p\u00e9rilleuse, au risque d&#8217;y laisser la vie. Avant d&#8217;arriver en Autriche ils doivent traverser, \u00e0 pied ou \u00e0 cheval, les montagnes enneig\u00e9es les s\u00e9parant de la Turquie, pour rejoindre la ville fronti\u00e8re d&#8217;Erzurum, puis, enfin, Ankara. O\u00f9 ils attendront plusieurs mois devant les bureaux de l&#8217;ONU, comme bien d&#8217;autres exil\u00e9s, la reconnaissance de leurs statuts de r\u00e9fugi\u00e9 politique, pour pouvoir s&#8217;envoler vers cette Europe tant d\u00e9sir\u00e9e, et terre de cette libert\u00e9 tant recherch\u00e9e. Cet exil commence sous le r\u00e8gne du Shah et continue avec l&#8217;arriv\u00e9e au pouvoir des ayatollahs en 1979. On y voit les m\u00e9thodes strictes des autorit\u00e9s iraniennes qui causent la fuite des familles enti\u00e8res et surtout celle des \u00ab cerveaux \u00bb du pays, \u00e0 l&#8217;image de Mr Abbas, professeur d&#8217;anglais, qui promet \u00e0 sa femme une vie meilleure ailleurs qu&#8217;en Iran&#8230; Un premier long m\u00e9trage r\u00e9ussi pour Arash T. Riahi. Entre les s\u00e9quences difficiles, le r\u00e9alisateur a r\u00e9ussi y mettre aussi l&#8217;humour, ainsi lorsqu&#8217;un jeune kurde Irakien r\u00e9fugi\u00e9 pourchasse un \u00ab un gros poulet \u00bb dans un parc d&#8217;Ankara, en fait un cygne, pour son ami le professeur Abbas, affam\u00e9, qui r\u00eave de manger. Un film \u00e9mouvant et juste.<\/p>\n<p>Le film est actuellement en salles.<\/p>\n","protected":false},"excerpt":{"rendered":"<p>\u00ab Pour un instant, la libert\u00e9 \u00bb est une fiction, humaniste et tellement r\u00e9aliste, r\u00e9alis\u00e9e par Arash T. Riahi. Ce jeune r\u00e9alisateur, d&#8217;origine iranienne, a su mettre en image le p\u00e9riple des exil\u00e9s iraniens \u00e0 la fin des ann\u00e9es 70, histoire assez proche de ce qu&#8217;il a v\u00e9cu lui et sa famille en 1981. Ali [&hellip;]<\/p>\n","protected":false},"author":633,"featured_media":0,"comment_status":"open","ping_status":"open","sticky":false,"template":"","format":"standard","meta":{"_themeisle_gutenberg_block_has_review":false,"footnotes":""},"categories":[141],"tags":[299],"class_list":["post-3847","post","type-post","status-publish","format-standard","hentry","category-archives-web","tag-cinema"],"_links":{"self":[{"href":"https:\/\/archives.regards.fr\/index.php?rest_route=\/wp\/v2\/posts\/3847","targetHints":{"allow":["GET"]}}],"collection":[{"href":"https:\/\/archives.regards.fr\/index.php?rest_route=\/wp\/v2\/posts"}],"about":[{"href":"https:\/\/archives.regards.fr\/index.php?rest_route=\/wp\/v2\/types\/post"}],"author":[{"embeddable":true,"href":"https:\/\/archives.regards.fr\/index.php?rest_route=\/wp\/v2\/users\/633"}],"replies":[{"embeddable":true,"href":"https:\/\/archives.regards.fr\/index.php?rest_route=%2Fwp%2Fv2%2Fcomments&post=3847"}],"version-history":[{"count":0,"href":"https:\/\/archives.regards.fr\/index.php?rest_route=\/wp\/v2\/posts\/3847\/revisions"}],"wp:attachment":[{"href":"https:\/\/archives.regards.fr\/index.php?rest_route=%2Fwp%2Fv2%2Fmedia&parent=3847"}],"wp:term":[{"taxonomy":"category","embeddable":true,"href":"https:\/\/archives.regards.fr\/index.php?rest_route=%2Fwp%2Fv2%2Fcategories&post=3847"},{"taxonomy":"post_tag","embeddable":true,"href":"https:\/\/archives.regards.fr\/index.php?rest_route=%2Fwp%2Fv2%2Ftags&post=3847"}],"curies":[{"name":"wp","href":"https:\/\/api.w.org\/{rel}","templated":true}]}}