{"id":3820,"date":"2004-12-04T00:00:00","date_gmt":"2004-12-03T23:00:00","guid":{"rendered":"https:\/\/wp.muchomaas.com\/le-point-de-vue-documente-de-jean3820\/"},"modified":"2004-12-04T00:00:00","modified_gmt":"2004-12-03T23:00:00","slug":"le-point-de-vue-documente-de-jean3820","status":"publish","type":"post","link":"https:\/\/archives.regards.fr\/?p=3820","title":{"rendered":"\u00ab Le point de vue document\u00e9 \u00bb de Jean Vigo"},"content":{"rendered":"<p>Le 14 juin 1931, Jean Vigo pr\u00e9sente au Vieux Colombier A propos de Nice, son premier film, cor\u00e9alis\u00e9 avec Boris Kaufman, fr\u00e8re du th\u00e9oricien et cin\u00e9aste sovi\u00e9tique Dziga Vertov. Il intitule sa \u00abcauserie\u00bb \u00abVers un cin\u00e9ma social\u00bb et s&#8217;attarde assez longuement sur Un chien andalou de Luis Bu\u00f1uel:<em> \u00abUn chien andalou est une \u0153uvre capitale \u00e0 tous les points de vue: s\u00fbret\u00e9 de la mise en sc\u00e8ne, habilet\u00e9 des \u00e9clairages, science parfaite des associations visuelles et id\u00e9ologiques, logique solide du r\u00eave, admirable confrontation du subconscient et du rationnel. [&#8230; ] pris sous l&#8217;angle sujet social, Un chien andalou est un film pr\u00e9cis et courageux.\u00bb <\/em><\/p>\n<p>Cette reconnaissance du travail politique et social de Bu\u00f1uel n&#8217;emp\u00eache pas Jean Vigo, qui n&#8217;a jamais \u00e9t\u00e9 reconnu par les surr\u00e9alistes, de se d\u00e9marquer du cin\u00e9aste espagnol, dans sa courte \u0153uvre cin\u00e9matographique, documentaire <em> A propos de Nice <\/em> et<em> Taris <\/em>) ou de fiction <em> Z\u00e9ro de conduite <\/em>,<em> L&#8217;Atalante <\/em>), en ne perdant jamais de vue ce qu&#8217;il appelle \u00able point de vue document\u00e9\u00bb.<em> \u00abCe documentaire social se distingue du documentaire tout court et des actualit\u00e9s de la semaine par le point de vue qu&#8217;y d\u00e9fend nettement son auteur. Ce documentaire exige que l&#8217;on prenne position, car il met les points sur les i. S&#8217;il n&#8217;engage pas un artiste, il engage du moins un homme.\u00bb <\/em> Fils d&#8217;un journaliste militant anarchiste, Miguel Almereyda, mort \u00e9trangl\u00e9 dans une cellule de Fresnes en 1917, Jean Vigo ne pouvait pas ne pas s&#8217;engager. Dans<em> A propos de Nice <\/em> comme dans<em> Z\u00e9ro de conduite <\/em>, deux mondes s&#8217;affrontent: les riches oisifs et les travailleurs, pour la plupart \u00e9migr\u00e9s italiens, dans le premier film; le monde des enfants en pleine r\u00e9volte contre les institutions, dans l&#8217;autre, ce qui valut au film une interdiction totale de treize ans. Jean Vigo a donn\u00e9 encore un fort ancrage social \u00e0<em> L&#8217;Atalante <\/em>. Comme le souligne Emile Breton dans \u00abLe rep\u00e9rable et le reste\u00bb(1):<em> \u00abVigo, par un coup de force cin\u00e9matographique [&#8230;] met en pi\u00e8ces d&#8217;entr\u00e9e cette pr\u00e9tendue \u00e9quivalence campagne\/p\u00e9niche et installe son film du c\u00f4t\u00e9 de la \u00abmodernit\u00e9\u00bb contre le sc\u00e9nario pass\u00e9iste: [&#8230;] Dans le film, Juliette est litt\u00e9ralement arrach\u00e9e \u00e0 sa famille par le bras de charge de la p\u00e9niche sur lequel le p\u00e8re Jules l&#8217;a hiss\u00e9e. Cette \u00e9l\u00e9vation [&#8230;] rel\u00e8ve \u00e0 coup s\u00fbr d&#8217;une double lecture symbolique: sexuelle, comme y invite cette bigue dress\u00e9e \u00e0 laquelle se cramponne la femme, mais aussi sociale. On passe avec la brutalit\u00e9 des d\u00e9racinements \u00e0 ces d\u00e9cennies o\u00f9 la France allait basculer vers l&#8217;industrialisation, d&#8217;un milieu enclos sur ses traditions, celui de la campagne, de la raideur endimanch\u00e9e d&#8217;une noce paysanne [&#8230;] au monde de l&#8217;eau, ouvert sur l&#8217;ailleurs, mouvant.\u00bb <\/em> Les cin\u00e9astes contemporains se r\u00e9f\u00e8rent souvent au \u00abpoint de vue document\u00e9\u00bb de Jean Vigo. <\/p>\n<p><strong> L.V. <\/strong><\/p>\n<p>1.<em> L&#8217;Atalante <\/em>, un film de Jean Vigo. Cin\u00e9math\u00e8que fran\u00e7aise. 2000.<\/p>\n<p>Paru dans<em> Regards <\/em> d\u00e9cembre 2004<\/p>\n","protected":false},"excerpt":{"rendered":"<p>Le 14 juin 1931, Jean Vigo pr\u00e9sente au Vieux Colombier A propos de Nice, son premier film, cor\u00e9alis\u00e9 avec Boris Kaufman, fr\u00e8re du th\u00e9oricien et cin\u00e9aste sovi\u00e9tique Dziga Vertov. Il intitule sa \u00abcauserie\u00bb \u00abVers un cin\u00e9ma social\u00bb et s&#8217;attarde assez longuement sur Un chien andalou de Luis Bu\u00f1uel: \u00abUn chien andalou est une \u0153uvre capitale [&hellip;]<\/p>\n","protected":false},"author":1,"featured_media":0,"comment_status":"open","ping_status":"open","sticky":false,"template":"","format":"standard","meta":{"_themeisle_gutenberg_block_has_review":false,"footnotes":""},"categories":[141],"tags":[299],"class_list":["post-3820","post","type-post","status-publish","format-standard","hentry","category-archives-web","tag-cinema"],"_links":{"self":[{"href":"https:\/\/archives.regards.fr\/index.php?rest_route=\/wp\/v2\/posts\/3820","targetHints":{"allow":["GET"]}}],"collection":[{"href":"https:\/\/archives.regards.fr\/index.php?rest_route=\/wp\/v2\/posts"}],"about":[{"href":"https:\/\/archives.regards.fr\/index.php?rest_route=\/wp\/v2\/types\/post"}],"author":[{"embeddable":true,"href":"https:\/\/archives.regards.fr\/index.php?rest_route=\/wp\/v2\/users\/1"}],"replies":[{"embeddable":true,"href":"https:\/\/archives.regards.fr\/index.php?rest_route=%2Fwp%2Fv2%2Fcomments&post=3820"}],"version-history":[{"count":0,"href":"https:\/\/archives.regards.fr\/index.php?rest_route=\/wp\/v2\/posts\/3820\/revisions"}],"wp:attachment":[{"href":"https:\/\/archives.regards.fr\/index.php?rest_route=%2Fwp%2Fv2%2Fmedia&parent=3820"}],"wp:term":[{"taxonomy":"category","embeddable":true,"href":"https:\/\/archives.regards.fr\/index.php?rest_route=%2Fwp%2Fv2%2Fcategories&post=3820"},{"taxonomy":"post_tag","embeddable":true,"href":"https:\/\/archives.regards.fr\/index.php?rest_route=%2Fwp%2Fv2%2Ftags&post=3820"}],"curies":[{"name":"wp","href":"https:\/\/api.w.org\/{rel}","templated":true}]}}