{"id":3806,"date":"2009-02-01T00:00:00","date_gmt":"2009-01-31T23:00:00","guid":{"rendered":"https:\/\/wp.muchomaas.com\/conflit-israelo-palestinien-la3806\/"},"modified":"2009-02-01T00:00:00","modified_gmt":"2009-01-31T23:00:00","slug":"conflit-israelo-palestinien-la3806","status":"publish","type":"post","link":"https:\/\/archives.regards.fr\/?p=3806","title":{"rendered":"Conflit isra\u00e9lo-palestinien, la politique contre les confusions"},"content":{"rendered":"<p>Durant l&#8217;op\u00e9ration isra\u00e9lienne \u00abPlomb durci\u00bb men\u00e9e en janvier dans la bande de Gaza, le gouvernement fran\u00e7ais n&#8217;a eu de cesse de s&#8217;inqui\u00e9ter des<em> \u00abrisques d&#8217;importation du conflit\u00bb <\/em> isra\u00e9lo-palestinien en France. Une \u00abimportation\u00bb dont le danger serait, selon lui, qu&#8217;elle se manifeste sur le sol r\u00e9publicain par des tensions accrues entre les communaut\u00e9s juive et arabo-musulmane. Des actes isol\u00e9s, dont trois tentatives d&#8217;incendie de synagogues, sont venus accr\u00e9diter cette th\u00e8se. Il faut donc r\u00e9pondre \u00e0 tous les termes de cette proposition. Qui importe? Quel conflit? Et, au final, pour quels risques? Ce que l&#8217;on voit, c&#8217;est, d&#8217;un c\u00f4t\u00e9, un conflit qui se joue en Palestine. Et de l&#8217;autre, en France, une forte mobilisation en faveur de Gaza mais aussi des appels \u00e0 soutenir la politique d&#8217;Isra\u00ebl. <\/p>\n<p>En France, le Conseil repr\u00e9sentatif des institutions juives de France (CRIF), dans la droite ligne de ce que fait l&#8217;Etat d&#8217;Isra\u00ebl, entretient volontairement, par ses appels \u00e0 faire \u00abbloc derri\u00e8re l&#8217;Etat d&#8217;Isra\u00ebl\u00bb, une confusion entre le juda\u00efsme, religion vieille de plusieurs si\u00e8cles, et le sionisme, id\u00e9ologie politique n\u00e9e \u00e0 la fin du XIXe si\u00e8cle. L&#8217;objectif? Imposer une lecture religieuse et civilisationnelle du conflit isra\u00e9lo-palestinien. Les premiers \u00e0 d\u00e9noncer cela sont des juifs isra\u00e9liens. Tels que, pour ne citer que les plus contemporains, Yeshayahou Leibovitz, Michel Warschawski, Avraham Burg ou Shlomo Sand, qui ne cessent de rappeller qu&#8217;il s&#8217;agit d&#8217;un conflit colonial. <\/p>\n<p>On sait que, men\u00e9 pour s&#8217;accaparer une terre et ses ressources, un projet colonial s&#8217;embarrasse en v\u00e9rit\u00e9 bien peu de la religion ou de la couleur de peau de ceux qui y vivent. Et il sait, au besoin, utiliser ces param\u00e8tres pour justifier son entreprise ou en d\u00e9tourner l&#8217;attention. R\u00e9sultat: dans les t\u00eates de certains manifestants fran\u00e7ais de ce mois de janvier, le soldat isra\u00e9lien est avant tout un juif. Et les synagogues deviennent tout naturellement les temples des amis d&#8217;Isra\u00ebl. La confusion est l\u00e0. Bien entretenue par le gouvernement fran\u00e7ais qui convoque syst\u00e9matiquement les dignitaires religieux pour lancer des appels au calme.<\/p>\n<p>Ces confusions sont porteuses de risques pour l&#8217;avenir. Car l&#8217;impuissance du politique \u00e0 r\u00e9gler de fa\u00e7on juste la question palestinienne les renforce. Et elles ont lieu en France, un pays o\u00f9 la haine du juif :une construction chr\u00e9tienne, faut-il le rappeller: a toujours exist\u00e9 et peut probablement se r\u00e9installer vite, ce qui exige une vigilance de tous les instants. <\/p>\n<p>Dans ce contexte, la gauche a un r\u00f4le essentiel \u00e0 jouer. D&#8217;abord, tout en refusant de c\u00e9der aux tentations de panique antis\u00e9mites, elle doit faire le m\u00e9nage chez elle. Des poches d&#8217;antis\u00e9mitisme ont toujours exist\u00e9 au sein de la gauche radicale. Et il reste de nombreux paum\u00e9s pour soutenir Dieudonn\u00e9, ou pour mettre sur un m\u00eame plan le nazisme et Isra\u00ebl. Autant d&#8217;amalgames qu&#8217;il convient de condamner totalement, fussent-ils minoritaires: ils sont en contradiction absolue avec les valeurs de justice, d&#8217;\u00e9galit\u00e9 et de fraternit\u00e9 d\u00e9fendues par le mouvement de solidarit\u00e9 avec les Palestiniens. <\/p>\n<p>La gauche doit aussi r\u00e9occuper des terrains d\u00e9sert\u00e9s depuis trop longtemps. Les quartiers populaires et leur jeunesse ne doivent pas \u00eatre laiss\u00e9s aux seules mains d&#8217;associations plus ou moins \u00abcommunautaristes\u00bb. Sans exclure quiconque du n\u00e9cessaire dialogue, il s&#8217;agit de r\u00e9injecter partout de la pens\u00e9e et du d\u00e9bat politique et de mener un travail d&#8217;\u00e9ducation populaire. D&#8217;autant que l&#8217;inqui\u00e9tude r\u00e9pet\u00e9e du gouvernement de voir \u00abl&#8217;importaiton du conflit\u00bb du c\u00f4t\u00e9 des quartiers, t\u00e9moigne en creux de sa crainte de voir cette population prendre pleinement sa place au sein de la R\u00e9publique: des citoyens qui votent, manifestent et peuvent faire converger des luttes.<\/p>\n<p>On a entendu quelques slogans antis\u00e9mites dans les cort\u00e8ges, on a vu des drapeaux d&#8217;Isra\u00ebl br\u00fbler. Mais on a vu aussi, partout, des r\u00e9actions imm\u00e9diates de la part de manifestants, dialoguant pour tenter d&#8217;en faire comprendre la b\u00eatise et le danger. On a vu l&#8217;Union juive fran\u00e7aise pour la paix (UJFP) d\u00e9filer sous une banderole commune avec l&#8217;Association des travailleurs maghr\u00e9bins de France (ATMF). Parions sur le positif: la mobilisation est l\u00e0, les solidarit\u00e9s aussi. De nouvelles g\u00e9n\u00e9rations se retrouvent pour d\u00e9fendre la Palestine et exiger une r\u00e9solution juste du conflit. La gauche doit rester vigilante et \u00e9clairer les confusions. <\/p>\n<p><strong> E.C.** ET **E.R. <\/strong><\/p>\n<p>Paru dans<em> Regards <\/em> n\u00b059, f\u00e9vrier 2009<\/p>\n","protected":false},"excerpt":{"rendered":"<p>Durant l&#8217;op\u00e9ration isra\u00e9lienne \u00abPlomb durci\u00bb men\u00e9e en janvier dans la bande de Gaza, le gouvernement fran\u00e7ais n&#8217;a eu de cesse de s&#8217;inqui\u00e9ter des \u00abrisques d&#8217;importation du conflit\u00bb isra\u00e9lo-palestinien en France. Une \u00abimportation\u00bb dont le danger serait, selon lui, qu&#8217;elle se manifeste sur le sol r\u00e9publicain par des tensions accrues entre les communaut\u00e9s juive et arabo-musulmane. [&hellip;]<\/p>\n","protected":false},"author":527,"featured_media":0,"comment_status":"open","ping_status":"open","sticky":false,"template":"","format":"standard","meta":{"_themeisle_gutenberg_block_has_review":false,"footnotes":""},"categories":[141],"tags":[328],"class_list":["post-3806","post","type-post","status-publish","format-standard","hentry","category-archives-web","tag-editorial"],"_links":{"self":[{"href":"https:\/\/archives.regards.fr\/index.php?rest_route=\/wp\/v2\/posts\/3806","targetHints":{"allow":["GET"]}}],"collection":[{"href":"https:\/\/archives.regards.fr\/index.php?rest_route=\/wp\/v2\/posts"}],"about":[{"href":"https:\/\/archives.regards.fr\/index.php?rest_route=\/wp\/v2\/types\/post"}],"author":[{"embeddable":true,"href":"https:\/\/archives.regards.fr\/index.php?rest_route=\/wp\/v2\/users\/527"}],"replies":[{"embeddable":true,"href":"https:\/\/archives.regards.fr\/index.php?rest_route=%2Fwp%2Fv2%2Fcomments&post=3806"}],"version-history":[{"count":0,"href":"https:\/\/archives.regards.fr\/index.php?rest_route=\/wp\/v2\/posts\/3806\/revisions"}],"wp:attachment":[{"href":"https:\/\/archives.regards.fr\/index.php?rest_route=%2Fwp%2Fv2%2Fmedia&parent=3806"}],"wp:term":[{"taxonomy":"category","embeddable":true,"href":"https:\/\/archives.regards.fr\/index.php?rest_route=%2Fwp%2Fv2%2Fcategories&post=3806"},{"taxonomy":"post_tag","embeddable":true,"href":"https:\/\/archives.regards.fr\/index.php?rest_route=%2Fwp%2Fv2%2Ftags&post=3806"}],"curies":[{"name":"wp","href":"https:\/\/api.w.org\/{rel}","templated":true}]}}