{"id":3777,"date":"2009-01-23T00:00:00","date_gmt":"2009-01-22T23:00:00","guid":{"rendered":"https:\/\/wp.muchomaas.com\/delit-de-solidarite-avec-les-mal3777\/"},"modified":"2009-01-23T00:00:00","modified_gmt":"2009-01-22T23:00:00","slug":"delit-de-solidarite-avec-les-mal3777","status":"publish","type":"post","link":"https:\/\/archives.regards.fr\/?p=3777","title":{"rendered":"D\u00e9lit de solidarit\u00e9 avec les mal-log\u00e9s"},"content":{"rendered":"<p>Ce jeudi 22 janvier devant le Tribunal de Grande Instance de Nanterre, la solidarit\u00e9 est au rendez-vous. D\u00e8s 8h30, malgr\u00e9 un vent et une pluie glaciales, plus de 100 personnes ont r\u00e9pondu \u00e0 l&#8217;appel d&#8217;une vingtaine d&#8217;organisations syndicales et politiques, toutes signataires du collectif de soutien \u00e0 Baptise et Vincent, deux lyc\u00e9ens de 17 ans, cit\u00e9s \u00e0 compara\u00eetre au tribunal pour enfants pour \u00ab r\u00e9sistance avec violence \u00bb pour l&#8217;un, \u00ab r\u00e9sistance et violence sur personne d\u00e9positaire de l&#8217;autorit\u00e9 publique \u00bb pour l&#8217;autre. Ils risquent jusqu&#8217;\u00e0 un an d&#8217;emprisonnement et 15 000 euros d&#8217;amende. Membres du Mouvement Solidaire pour le Logement (MSL) cr\u00e9\u00e9 il y a deux ans en faveur du logement social \u00e0 Levallois-Perret, Baptise et Vincent faisaient partie d&#8217;un groupe d&#8217;une quinzaine de personnes venues assister au conseil municipal de Levallois-Perret du 17 novembre 2008. Elles souhaitaient interpeller le Maire, Patrick Balkany, sur les probl\u00e8mes de logement dans cette commune. En r\u00e9ponse, Monsieur le Maire a ordonn\u00e9 l&#8217;\u00e9vacuation des militants du MSL par les forces de l&#8217;ordre, qui s&#8217;est sold\u00e9e par une v\u00e9rification d&#8217;identit\u00e9 au commissariat de Levallois-Peret. Et un placement en garde \u00e0 vue durant 49 heures pour Baptiste et Vincent. Depuis, une p\u00e9tition de soutien d\u00e9non\u00e7ant le caract\u00e8re disproportionn\u00e9 de ces poursuites, a recueilli plus de 10000 signatures (1).<\/p>\n<p>Pierre, camarade de Baptiste et Vincent au lyc\u00e9e L\u00e9onard de Vinci de Levallois, lance des slogans de solidarit\u00e9 que reprennent la cinquantaine de lyc\u00e9ens mass\u00e9s derri\u00e8re une banderole. Il \u00e9tait de la partie ce 17 novembre :<em> \u00ab \u00e9tant donn\u00e9 que M. Balkany refusait de recevoir des membres de MSL pour exposer des probl\u00e8mes de mal-logement,  nous nous \u00e9tions donc invit\u00e9s chez lui pour le rencontrer. \u00bb <\/em> Selon le jeune lyc\u00e9en,<em> \u00ab 49 heures de garde \u00e0 vue pour avoir assist\u00e9 \u00e0 un conseil municipal et avoir voulu s&#8217;exprimer, c&#8217;est cher pay\u00e9 ! \u00bb <\/em> Quelques l\u00e9g\u00e8res railleries du fond de la tribune ouverte au public de la salle du Conseil auraient servi de pr\u00e9texte au Maire pour faire \u00e9vacuer le groupe de militants.<em> \u00ab L&#8217;\u00e9vacuation a \u00e9t\u00e9 tr\u00e8s violente, certains d&#8217;entre nous ont \u00e9t\u00e9 bless\u00e9. Et surtout, aucun d&#8217;entre nous n&#8217;a port\u00e9 de coups puisqu&#8217;on se tenait en cha\u00eene\u00bb <\/em>, se souvient Pierre. Annie Mondois, conseill\u00e8re municipale PCF de Levallois-Peret, \u00e9galement pr\u00e9sente \u00e0 cette s\u00e9ance, avait tout aussi \u00e9t\u00e9 choqu\u00e9e par cette \u00e9vacuation manu militari,<em> \u00ab ressemblant \u00e0 une m\u00eal\u00e9e de rugby \u00bb <\/em>. Sous son parapluie, la seule \u00e9lue communiste de Levallois-Peret analyse cette affaire, qui<em> \u00ab symbolise \u00bb <\/em> tristement le climat de cette<em> \u00ab dr\u00f4le de ville \u00bb <\/em> :<em> \u00ab les conseils municipaux sont anim\u00e9s par les partisans du Maire qui conspuent r\u00e9guli\u00e8rement les membres de l&#8217;opposition, et l&#8217;expulsion de personnes du public par les forces de l&#8217;ordre n&#8217;est pas une pratique nouvelle. \u00ab <\/em><em> \u00ab Les intimidations contre ceux qui militent dans \u00e0 Levallois ne manquent pas, poursuit-elle, et derri\u00e8re tout \u00e7a, il y a clairement une volont\u00e9 de casser les gens qui contestent la politique de la ville. \u00bb <\/em> Pour autant,<em> \u00ab il n&#8217;est pas question de se taire \u00bb <\/em> s&#8217;exclame l&#8217;\u00e9lue communiste. Ce que confirme Ana\u00efs, lyc\u00e9enne de 16 ans, qui<em> \u00ab refuse de se laisser intimider et de s&#8217;arr\u00eater de militer ! \u00bb <\/em>.<\/p>\n<p>Le rassemblement n&#8217;a pas d\u00e9grossi trois heures plus tard, au moment o\u00f9 les pr\u00e9venus sortent de l&#8217;audience. La d\u00e9claration de leur avocate, Dominique Nogu\u00e8res, par ailleurs vice-pr\u00e9sidente de la Ligue de Droits de l&#8217;Homme, calme les esprits et les inqui\u00e9tudes.<em> \u00ab Le dossier s&#8217;est \u00e0 l&#8217;\u00e9vidence d\u00e9gonfl\u00e9 jusqu&#8217;au jugement puisque sur les cinq policiers qui pr\u00e9tendaient \u00eatre victime de blessure, seul un s&#8217;est constitu\u00e9 partie civile \u00bb <\/em>,  explique-t-elle.<em> \u00ab On est bien loin de ce qui \u00e9tait pr\u00e9sent\u00e9 au d\u00e9part, le procureur ayant requis une mesure \u00e9ducative. \u00bb <\/em> Ce qui n&#8217;excuse, ni n&#8217;explique les<em> \u00ab 49 heures de garde \u00e0 vue, et le traumatisme v\u00e9cu par ces enfants et leurs familles \u00bb <\/em>, poursuit-elle. Le d\u00e9lib\u00e9r\u00e9 est renvoy\u00e9 au 19 f\u00e9vrier prochain. En attendant,<em> \u00abNous sommes fiers de notre lutte et nous continuerons \u00e0 nous battre pour le droit au logement pour tous \u00bb <\/em>, a conclu Baptiste. Un combat que leur rendent bien les quelques manifestants mal-log\u00e9s pr\u00e9sent au rassemblement, comme Nouredine, habitante avec son mari et leurs trois enfants du foyer Sonacotra de Levallois-Peret, pour qui<em> \u00ab l&#8217;union fait la force ! \u00bb <\/em>.<\/p>\n<p>S.L. <\/p>\n<p>[[1. P\u00e9tition disponible sur http:\/\/baptistevincent.org\/cgi-bin\/petition.cgi<br \/>\n]]<\/p>\n","protected":false},"excerpt":{"rendered":"<p>Ce jeudi 22 janvier devant le Tribunal de Grande Instance de Nanterre, la solidarit\u00e9 est au rendez-vous. D\u00e8s 8h30, malgr\u00e9 un vent et une pluie glaciales, plus de 100 personnes ont r\u00e9pondu \u00e0 l&#8217;appel d&#8217;une vingtaine d&#8217;organisations syndicales et politiques, toutes signataires du collectif de soutien \u00e0 Baptise et Vincent, deux lyc\u00e9ens de 17 ans, [&hellip;]<\/p>\n","protected":false},"author":1,"featured_media":0,"comment_status":"open","ping_status":"open","sticky":false,"template":"","format":"standard","meta":{"_themeisle_gutenberg_block_has_review":false,"footnotes":""},"categories":[141],"tags":[311],"class_list":["post-3777","post","type-post","status-publish","format-standard","hentry","category-archives-web","tag-mouvement-social"],"_links":{"self":[{"href":"https:\/\/archives.regards.fr\/index.php?rest_route=\/wp\/v2\/posts\/3777","targetHints":{"allow":["GET"]}}],"collection":[{"href":"https:\/\/archives.regards.fr\/index.php?rest_route=\/wp\/v2\/posts"}],"about":[{"href":"https:\/\/archives.regards.fr\/index.php?rest_route=\/wp\/v2\/types\/post"}],"author":[{"embeddable":true,"href":"https:\/\/archives.regards.fr\/index.php?rest_route=\/wp\/v2\/users\/1"}],"replies":[{"embeddable":true,"href":"https:\/\/archives.regards.fr\/index.php?rest_route=%2Fwp%2Fv2%2Fcomments&post=3777"}],"version-history":[{"count":0,"href":"https:\/\/archives.regards.fr\/index.php?rest_route=\/wp\/v2\/posts\/3777\/revisions"}],"wp:attachment":[{"href":"https:\/\/archives.regards.fr\/index.php?rest_route=%2Fwp%2Fv2%2Fmedia&parent=3777"}],"wp:term":[{"taxonomy":"category","embeddable":true,"href":"https:\/\/archives.regards.fr\/index.php?rest_route=%2Fwp%2Fv2%2Fcategories&post=3777"},{"taxonomy":"post_tag","embeddable":true,"href":"https:\/\/archives.regards.fr\/index.php?rest_route=%2Fwp%2Fv2%2Ftags&post=3777"}],"curies":[{"name":"wp","href":"https:\/\/api.w.org\/{rel}","templated":true}]}}