{"id":3767,"date":"2008-04-01T00:00:00","date_gmt":"2008-03-31T22:00:00","guid":{"rendered":"https:\/\/wp.muchomaas.com\/municipales-victoire-de-la3767\/"},"modified":"2008-04-01T00:00:00","modified_gmt":"2008-03-31T22:00:00","slug":"municipales-victoire-de-la3767","status":"publish","type":"post","link":"https:\/\/archives.regards.fr\/?p=3767","title":{"rendered":"Municipales, victoire de la \u00ab mollitude \u00bb"},"content":{"rendered":"<p class=\"post_excerpt\"> Les \u00e9lections municipales de mars dernier <\/p>\n<p>, c&#8217;est un peu la vie en rose&#8230; Comment ne pas se r\u00e9jouir de la pouss\u00e9e \u00e0 gauche? Tout recul de la droite est une bonne nouvelle. Toute nouvelle marge de man\u0153uvre \u00e0 gauche est un point d&#8217;appui pour la conqu\u00eate d&#8217;un monde meilleur. Cela \u00e9tant, la gauche a-t-elle vraiment gagn\u00e9? Sort-elle de cette \u00e9ch\u00e9ance r\u00e9ellement renforc\u00e9e? <\/p>\n<p>Quoi qu&#8217;en aient dit, avec une langue de bois \u00e9difiante, tous les t\u00e9nors de droite, le soir du second tour, l&#8217;UMP s&#8217;est pris un carton rouge. Il faut dire que l&#8217;\u00e9chec de Nicolas Sarkozy est pr\u00e9coce et s\u00e9v\u00e8re&#8230; Leur ligne de d\u00e9fense?<em> \u00abIl faut d\u00e9connecter politique locale et nationale\u00bb <\/em>, ont-ils r\u00e9p\u00e9t\u00e9 en ch\u0153ur. Consternant. Car les \u00e9lecteurs prennent n\u00e9cessairement en consid\u00e9ration le contexte g\u00e9n\u00e9ral quand ils votent et les programmes locaux ont normalement une couleur politique de r\u00e9f\u00e9rence. Je dis \u00abnormalement\u00bb parce que force est de constater que les valeurs de type \u00abdynamisme\u00bb ou \u00abpragmatisme\u00bb l&#8217;ont bien souvent emport\u00e9 sur le contenu des projets. Au total: le clivage droite\/gauche a perdu de sa saveur. Pour preuve, l&#8217;installation de l&#8217;id\u00e9e du \u00abgouvernement des meilleurs\u00bb, pour lequel le local est du pur velours. La place de la comp\u00e9tition projet contre projet diminue au profit d&#8217;un combat en termes de comp\u00e9tence, de capacit\u00e9 \u00e0 bien g\u00e9rer les affaires de la cit\u00e9. L&#8217;essor du Modem, construit autour de cette th\u00e9matique, en est l&#8217;illustration parfaite. La disparition de logos politiques sur les documents de campagne, \u00e0 droite mais pas seulement, est tout aussi r\u00e9v\u00e9latrice. <\/p>\n<p>L&#8217;argument en vogue du \u00abmaire \u00e0 plein temps\u00bb, comme argument massue contre l&#8217;adversaire, en dit \u00e9galement long : on ne combat plus centralement sur le fond des choix politiques mais plut\u00f4t sur la personnalit\u00e9 du candidat au poste de maire et la qualit\u00e9 des \u00e9quipes en comp\u00e9tition : notons que cette valorisation de l&#8217;engagement exclusivement local alimente la machine \u00e0 d\u00e9consid\u00e9rer la politique nationale. Comme si le renouvellement des personnes \u00e9tait plus important que celui des id\u00e9es&#8230; C&#8217;est ainsi que le Modem peut soutenir le maire socialiste sortant \u00e0 Dijon et le candidat UMP \u00e0 Bordeaux, car \u00e0 chaque fois, la question est celle du \u00abbon maire\u00bb. Si le Modem a perdu en tant que force politique, ce que les m\u00e9dias n&#8217;ont cess\u00e9 de rab\u00e2cher, il sort vainqueur sur le fond. Le mouvement de recentrage a gagn\u00e9 le PS et la \u00abmollitude\u00bb s&#8217;est largement install\u00e9e sur les bancs des assembl\u00e9es. Aussi symptomatique: le \u00abcommunisme municipal\u00bb, autrefois tr\u00e8s identifi\u00e9, a perdu de sa r\u00e9alit\u00e9, nombre de maires communistes sortants misant avant tout sur leur notori\u00e9t\u00e9 personnelle et leur qualit\u00e9 de bon gestionnaire. Cette municipale a ainsi vu se renforcer la confusion, avec des lignes de fractures politiques de moins en moins perceptibles.<\/p>\n<p>Pourtant, une clarification des clivages ne serait pas du luxe car, du local au global, il y a des enjeux qui impliquent des choix de soci\u00e9t\u00e9 et une vision globale de l&#8217;avenir. Dans un contexte de mondialisation lib\u00e9rale o\u00f9 le sentiment de n&#8217;avoir plus prise sur le cours des choses domine, o\u00f9 les milieux \u00e9conomiques et financiers m\u00e8nent la danse, on est tent\u00e9 de trouver du r\u00e9confort dans l&#8217;\u00e9lection locale&#8230; Car qui de mieux plac\u00e9 que les \u00e9diles locaux pour incarner le d\u00e9sir de r\u00e9sultat et la demande de proximit\u00e9? Fa\u00e7on p\u00e8re protecteur (plut\u00f4t que m\u00e8re protectrice: pour m\u00e9moire, \u00e0 l&#8217;heure de la parit\u00e9, la proportion de femmes maires est de l&#8217;ordre de 1 pour 10 hommes), le maire est \u00e0 la fois une figure du pouvoir symbolique, version \u00abVe R\u00e9publique\u00bb, et celui qui incarne le pouvoir-faire. L&#8217;impact de ses d\u00e9cisions para\u00eet facilement palpable : cr\u00e9ation d&#8217;une cr\u00e8che ou d&#8217;une piscine, passage au tri s\u00e9lectif, f\u00eate du livre ou des confitures&#8230; sont autant de d\u00e9cisions aux effets \u00e9valuables. On peut sans doute chercher l\u00e0 l&#8217;un des facteurs de la fameuse \u00ab prime aux sortants \u00bb des maires, prime qui contraste avec l&#8217;alternance pr\u00e9valant \u00e0 l&#8217;\u00e9chelle nationale.<\/p>\n<p>En tout cas, de cette \u00e9ch\u00e9ance, le PS sort plus h\u00e9g\u00e9monique que jamais \u00e0 gauche. Pour autant, a-t-il convaincu par la qualit\u00e9 de son offre politique? Rien n&#8217;est moins s\u00fbr&#8230; La faiblesse du projet emp\u00eache l&#8217;enthousiasme. Le PS s&#8217;est sans doute davantage renforc\u00e9 gr\u00e2ce au rejet des \u00e9quipes de droite en place, localement et nationalement. Il appara\u00eet comme la seule force capable de mettre dehors l&#8217;UMP. Mais son d\u00e9ficit de projet politique ne permet pas une adh\u00e9sion r\u00e9elle : ce qui se trouve confort\u00e9, c&#8217;est l&#8217;effet de balancier entre droite et gauche, c&#8217;est le jeu de l&#8217;alternance et non l&#8217;alternative. La diff\u00e9rence des projets municipaux n&#8217;est pas apparue avec clart\u00e9. Le logement reste probablement le point le plus clivant. En outre, \u00e0 l&#8217;int\u00e9rieur de la gauche, les clivages semblent tout aussi peu nets. La gauche de gauche dit sans cesse, avec raison, qu&#8217;il faut agir \u00abdu local au global\u00bb. Pour l&#8217;heure, m\u00eame si des efforts de contenu ont pu \u00eatre r\u00e9alis\u00e9s ici ou l\u00e0 dans des dynamiques unitaires de la gauche de gauche, le projet municipal alternatif n&#8217;est pas formalis\u00e9 au point d&#8217;\u00eatre nationalement lisible. La faiblesse de cet espace n&#8217;est pas sans lien avec cette carence de fond. Au total, le renforcement du PS, la satellisation du PCF et des Verts, l&#8217;implantation toute relative mais r\u00e9elle de la LCR qui campe sur une ligne anti-instutionnelle et le manque de visibilit\u00e9 des quelques listes alternatives n&#8217;ouvrent pas de perspective imm\u00e9diate tangible pour la construction d&#8217;une gauche de gauche, capable d&#8217;\u00eatre en situation de battre la droite. Les tentatives de rassemblement de la derni\u00e8re p\u00e9riode ayant \u00e9chou\u00e9, il y a fort \u00e0 parier qu&#8217;il faudra \u00e0 l&#8217;avenir reconsid\u00e9rer la m\u00e9thode pour y parvenir. Quelle nouvelle construction politique permettra de susciter une dynamique porteuse de transformation sociale? Les municipales ne nous en ont pas donn\u00e9 la cl\u00e9. <\/p>\n<p><strong> C.A. <\/strong><\/p>\n<p>Paru dans<em> Regards <\/em> n\u00b050 avril 2008<\/p>\n","protected":false},"excerpt":{"rendered":"<p> Les \u00e9lections municipales de mars dernier <\/p>\n","protected":false},"author":570,"featured_media":0,"comment_status":"open","ping_status":"open","sticky":false,"template":"","format":"standard","meta":{"_themeisle_gutenberg_block_has_review":false,"footnotes":""},"categories":[141],"tags":[328],"class_list":["post-3767","post","type-post","status-publish","format-standard","hentry","category-archives-web","tag-editorial"],"_links":{"self":[{"href":"https:\/\/archives.regards.fr\/index.php?rest_route=\/wp\/v2\/posts\/3767","targetHints":{"allow":["GET"]}}],"collection":[{"href":"https:\/\/archives.regards.fr\/index.php?rest_route=\/wp\/v2\/posts"}],"about":[{"href":"https:\/\/archives.regards.fr\/index.php?rest_route=\/wp\/v2\/types\/post"}],"author":[{"embeddable":true,"href":"https:\/\/archives.regards.fr\/index.php?rest_route=\/wp\/v2\/users\/570"}],"replies":[{"embeddable":true,"href":"https:\/\/archives.regards.fr\/index.php?rest_route=%2Fwp%2Fv2%2Fcomments&post=3767"}],"version-history":[{"count":0,"href":"https:\/\/archives.regards.fr\/index.php?rest_route=\/wp\/v2\/posts\/3767\/revisions"}],"wp:attachment":[{"href":"https:\/\/archives.regards.fr\/index.php?rest_route=%2Fwp%2Fv2%2Fmedia&parent=3767"}],"wp:term":[{"taxonomy":"category","embeddable":true,"href":"https:\/\/archives.regards.fr\/index.php?rest_route=%2Fwp%2Fv2%2Fcategories&post=3767"},{"taxonomy":"post_tag","embeddable":true,"href":"https:\/\/archives.regards.fr\/index.php?rest_route=%2Fwp%2Fv2%2Ftags&post=3767"}],"curies":[{"name":"wp","href":"https:\/\/api.w.org\/{rel}","templated":true}]}}