{"id":3761,"date":"2009-01-13T00:00:00","date_gmt":"2009-01-12T23:00:00","guid":{"rendered":"https:\/\/wp.muchomaas.com\/initiative-l-appel-des-appels3761\/"},"modified":"2009-01-13T00:00:00","modified_gmt":"2009-01-12T23:00:00","slug":"initiative-l-appel-des-appels3761","status":"publish","type":"post","link":"https:\/\/archives.regards.fr\/?p=3761","title":{"rendered":"Initiative : L&#8217;Appel des appels"},"content":{"rendered":"<p>Un appel, lanc\u00e9 \u00e0 l&#8217;initiative de Roland Gori et Stefan Chedri le 22 d\u00e9cembre 2008 veut tenter de<em> \u00abcoordonner\u00bb <\/em> diff\u00e9rents mouvements actuels en vue d&#8217;en<em> \u00abtirer tout le sens politique\u00bb <\/em>.<\/p>\n<p>Une r\u00e9union de coordination est organis\u00e9e le 31 janvier prochain, de 10 heurs \u00e0 18 heures , au 104 rue d&#8217;Aubervilliers, \u00e0 Paris,<em> \u00abau cours de laquelle le pays r\u00e9el se fera entendre \u00e0 travers les t\u00e9moignages des professionnels en lutte et devrait faire \u00e9merger des propositions d&#8217;actions transversales pour l&#8217;avenir\u00bb <\/em>.<\/p>\n<p>[[<strong> Le texte de l&#8217;Appel des appels <\/strong><br \/>\n]]\u00abNous, professionnels du soin, du travail social, de l&#8217;\u00e9ducation, de la justice, de l&#8217;information et de la culture, attirons l&#8217;attention des Pouvoirs Publics et de l&#8217;opinion sur les cons\u00e9quences sociales d\u00e9sastreuses des R\u00e9formes h\u00e2tivement mises en place ces derniers temps. A l&#8217;Universit\u00e9, \u00e0 l&#8217;\u00c9cole, dans les services de soins et de travail social, dans les milieux de la justice, de l&#8217;information et de la culture, la souffrance sociale ne cesse de s&#8217;accro\u00eetre. Elle compromet nos m\u00e9tiers et nos missions. Au nom d&#8217;une id\u00e9ologie de &#8220;l&#8217;homme \u00e9conomique&#8221;, le Pouvoir d\u00e9fait et recompose nos m\u00e9tiers et nos missions en exposant toujours plus les professionnels et les usagers aux lois &#8220;naturelles&#8221; du March\u00e9. Cette id\u00e9ologie s&#8217;est r\u00e9v\u00e9l\u00e9e catastrophique dans le milieu m\u00eame des affaires dont elle est issue. Nous, professionnels du soin, du travail social, de l&#8217;\u00e9ducation, de la justice, de l&#8217;information et de la culture, refusons qu&#8217;une telle id\u00e9ologie mette maintenant en &#8220;faillite&#8221; le soin, le travail social, l&#8217;\u00e9ducation, la justice, l&#8217;information et la culture. Nous appelons \u00e0 une Coordination Nationale de tous ceux qui refusent cette fatalit\u00e9 \u00e0 se retrouver le 31 janvier 2009 \u00e0 Paris.\u00bb<\/p>\n<p>Le 22 d\u00e9cembre 2008, Roland Gori et Stefan Chedri<\/p>\n<p><strong> Plus d&#8217;infos <\/strong> : http:\/\/www.appeldesappels.org\/<\/p>\n","protected":false},"excerpt":{"rendered":"<p>Un appel, lanc\u00e9 \u00e0 l&#8217;initiative de Roland Gori et Stefan Chedri le 22 d\u00e9cembre 2008 veut tenter de \u00abcoordonner\u00bb diff\u00e9rents mouvements actuels en vue d&#8217;en \u00abtirer tout le sens politique\u00bb . Une r\u00e9union de coordination est organis\u00e9e le 31 janvier prochain, de 10 heurs \u00e0 18 heures , au 104 rue d&#8217;Aubervilliers, \u00e0 Paris, \u00abau [&hellip;]<\/p>\n","protected":false},"author":1,"featured_media":0,"comment_status":"open","ping_status":"open","sticky":false,"template":"","format":"standard","meta":{"_themeisle_gutenberg_block_has_review":false,"footnotes":""},"categories":[141],"tags":[311],"class_list":["post-3761","post","type-post","status-publish","format-standard","hentry","category-archives-web","tag-mouvement-social"],"_links":{"self":[{"href":"https:\/\/archives.regards.fr\/index.php?rest_route=\/wp\/v2\/posts\/3761","targetHints":{"allow":["GET"]}}],"collection":[{"href":"https:\/\/archives.regards.fr\/index.php?rest_route=\/wp\/v2\/posts"}],"about":[{"href":"https:\/\/archives.regards.fr\/index.php?rest_route=\/wp\/v2\/types\/post"}],"author":[{"embeddable":true,"href":"https:\/\/archives.regards.fr\/index.php?rest_route=\/wp\/v2\/users\/1"}],"replies":[{"embeddable":true,"href":"https:\/\/archives.regards.fr\/index.php?rest_route=%2Fwp%2Fv2%2Fcomments&post=3761"}],"version-history":[{"count":0,"href":"https:\/\/archives.regards.fr\/index.php?rest_route=\/wp\/v2\/posts\/3761\/revisions"}],"wp:attachment":[{"href":"https:\/\/archives.regards.fr\/index.php?rest_route=%2Fwp%2Fv2%2Fmedia&parent=3761"}],"wp:term":[{"taxonomy":"category","embeddable":true,"href":"https:\/\/archives.regards.fr\/index.php?rest_route=%2Fwp%2Fv2%2Fcategories&post=3761"},{"taxonomy":"post_tag","embeddable":true,"href":"https:\/\/archives.regards.fr\/index.php?rest_route=%2Fwp%2Fv2%2Ftags&post=3761"}],"curies":[{"name":"wp","href":"https:\/\/api.w.org\/{rel}","templated":true}]}}