{"id":3702,"date":"2009-01-06T00:00:00","date_gmt":"2009-01-05T23:00:00","guid":{"rendered":"https:\/\/wp.muchomaas.com\/l-ump-aux-programmes3702\/"},"modified":"2009-01-06T00:00:00","modified_gmt":"2009-01-05T23:00:00","slug":"l-ump-aux-programmes3702","status":"publish","type":"post","link":"https:\/\/archives.regards.fr\/?p=3702","title":{"rendered":"L&#8217;UMP aux programmes"},"content":{"rendered":"<p class=\"post_excerpt\"> Notre petit feuilleton de l&#8217;hiver 2008, entre la crise et le retour de l&#8217;affaire Gregory: la loi du gouvernement sur l&#8217;audiovisuel. <\/p>\n<p> On ne sait plus s&#8217;il faut en rire, notamment quand des d\u00e9put\u00e9s sugg\u00e8rent d&#8217;obliger France t\u00e9l\u00e9vision \u00e0 ne diffuser que des \u00abprogrammes citoyens\u00bb (les plus ringards possibles, pensent-ils) entre 20h30 et 20h50, histoire d&#8217;\u00eatre s\u00fbr que le bon peuple pr\u00e9f\u00e8re la pub sur TF1, ou en pleurer devant l&#8217;aphasie intellectuelle de la gauche (cela fait un an depuis l&#8217;annonce par le chef de l&#8217;Etat de son plagiat berlusconien), dont la seule ambition a \u00e9t\u00e9 d&#8217;\u00eatre contre gr\u00e2ce \u00e0 une bataille d&#8217;amendements perdue d&#8217;avance. Elle constitue surtout la parfaite d\u00e9monstration de l&#8217;abaissement dramatique du seuil de vigilance d\u00e9mocratique dans notre pays: opposition aux abonn\u00e9s absents et une presse davantage pr\u00e9occup\u00e9e (m\u00eame si<em> Marianne <\/em> titre sur le \u00abcoup d&#8217;\u00e9tat m\u00e9diatique\u00bb) par des \u00e9tats g\u00e9n\u00e9raux sens\u00e9s assurer sa survie. La nomination du pr\u00e9sident du groupe public par le chef de l&#8217;Etat, si elle officialise une r\u00e9alit\u00e9 occulte, s&#8217;inscrit dans ce nouveau credo du r\u00e9alisme politique: plut\u00f4t que de confier \u00e0 la loi d&#8217;instaurer les garde-fous contre les d\u00e9rives n\u00e9potistes, on les formalise noir sur blanc, en oubliant que la transparence n&#8217;est pas une fin mais un moyen.<\/p>\n<p>Bref, de quoi donner des ailes aux francs-tireurs de l&#8217;UMP qui jouent d\u00e9sormais aux directeurs de programmes en s&#8217;interrogeant sur le maintien du 19\/20 de France 3, peut-\u00eatre parce qu&#8217;Audrey Pulvar (au passage, contrairement \u00e0 une id\u00e9e re\u00e7ue, ce ne fut pas TF1 qui confia en premier son journal phare \u00e0 une personne issue d&#8217;une minorit\u00e9 visible) fut la figure m\u00e9diatique de la fronde des salari\u00e9s, et surtout parce que le moindre succ\u00e8s d&#8217;audience du service public est devenue insupportable \u00e0 une droite en plein outing Bouygue-friendly. Enfin, comble de la complaisance, l&#8217;UMP a d\u00e9cid\u00e9 dans son coin d&#8217;abaisser de 3% \u00e0 1,5% la taxe sur les revenus publicitaires suppl\u00e9mentaires des cha\u00eenes priv\u00e9es, une manne destin\u00e9e \u00e0 pr\u00e9server vaguement le niveau de vie de France T\u00e9l\u00e9vision. Les vraies questions autour des contenus n&#8217;ont jamais \u00e9t\u00e9 abord\u00e9es que par une droite d\u00e9sirant rendre le service public inoffensif. Alors que tous montrent du doigt la r\u00e9ussite de la BBC (qui b\u00e9n\u00e9fice d&#8217;un financement d&#8217;Etat consid\u00e9rable et cons\u00e9quent, 79 euros par habitant contre 45 chez nous), France T\u00e9l\u00e9vision voit poindre un r\u00f4le ingrat et sans ressources de cha\u00eenes chiantes, loin de toute mission populaire au sens noble, aussi bien dans le divertissement que dans le culturel. Cependant, un des effets surprenants de cette pantalonnade parlementaire fut de voir comment les r\u00e9dactions des cha\u00eenes concern\u00e9es ont si vite appris \u00e0 traiter et \u00e0 couvrir en profondeur les implications et les ressorts d&#8217;un mouvement social, donnant de mani\u00e8re presque \u00e9quitable la parole \u00e0 tous les acteurs. Un mod\u00e8le du genre qui laisse r\u00eaveur quand on se souvient des gr\u00e8ves de 1995 ou du CPE. Esp\u00e9rons que cela provoquera des vocations, la mati\u00e8re ne va pas manquer dans les mois \u00e0 venir&#8230;   <\/p>\n<p><strong> M. <\/strong><\/p>\n<p><strong> La balkanisation du PAF s&#8217;accentue&#8230; <\/strong><\/p>\n<p>Bien que qualifi\u00e9e de T\u00e9l\u00e9 Notoirement Tocarde par Voici (le mal conna\u00eet le mal) pour aligner des programmes des ann\u00e9es 1980, la TNT bouffe r\u00e9guli\u00e8rement les croupi\u00e8res des cha\u00eenes hertziennes. Ces petites concurrentes (TMC, NT1, NRJ 12, etc.), en y associant les frangines du c\u00e2ble ou du satellite (Comedy, Jimmy, etc.) recueillirent 26,1% d&#8217;audience en novembre 2008 face aux grands r\u00e9seaux nationaux qui ont perdu 6 points en un an. Est-ce un mieux ou une simple dispersion due au syndrome de la mosa\u00efque Freebox?<\/p>\n<p><strong> On regardera en janvier <\/strong><\/p>\n<p>La deuxi\u00e8me saison de Dexter sur Canal plus, o\u00f9 un serial killer justicier \u00e0 Miami met en ab\u00eeme la soif de justice \u00e0 la sauce am\u00e9ricaine (\u00e0 partir du 8 janvier). La sp\u00e9ciale Thalassa \u00abLa ru\u00e9e vers l&#8217;Arctique\u00bb (d\u00e9but janvier) sur France 3, une \u00e9mission qui n&#8217;existerait pas ailleurs que sur le service public. L&#8217;investiture d&#8217;Obama sur France 24 le 20 janvier de 15h \u00e0 21h. Le nouveau 19\/20 \u00e0 partir du 5 janvier, solidarit\u00e9!!!!! Les Aristochats et Ratatouille le 25 janvier sur Disney Channel, \u00e0 17h10, deux dessins anim\u00e9s pour faire aimer le jazz et la bonne bouffe \u00e0 nos gosses.<\/p>\n<p><strong> On ne regardera pas <\/strong><\/p>\n<p>TF1, pour d\u00e9valuer la pub sur la Pravda t\u00e9l\u00e9visuelle de la droite.<\/p>\n<p>Paru dans<em> Regards <\/em> n\u00b058 janvier 2009<\/p>\n","protected":false},"excerpt":{"rendered":"<p> Notre petit feuilleton de l&#8217;hiver 2008, entre la crise et le retour de l&#8217;affaire Gregory: la loi du gouvernement sur l&#8217;audiovisuel. <\/p>\n","protected":false},"author":579,"featured_media":0,"comment_status":"open","ping_status":"open","sticky":false,"template":"","format":"standard","meta":{"_themeisle_gutenberg_block_has_review":false,"footnotes":""},"categories":[141],"tags":[287],"class_list":["post-3702","post","type-post","status-publish","format-standard","hentry","category-archives-web","tag-medias"],"_links":{"self":[{"href":"https:\/\/archives.regards.fr\/index.php?rest_route=\/wp\/v2\/posts\/3702","targetHints":{"allow":["GET"]}}],"collection":[{"href":"https:\/\/archives.regards.fr\/index.php?rest_route=\/wp\/v2\/posts"}],"about":[{"href":"https:\/\/archives.regards.fr\/index.php?rest_route=\/wp\/v2\/types\/post"}],"author":[{"embeddable":true,"href":"https:\/\/archives.regards.fr\/index.php?rest_route=\/wp\/v2\/users\/579"}],"replies":[{"embeddable":true,"href":"https:\/\/archives.regards.fr\/index.php?rest_route=%2Fwp%2Fv2%2Fcomments&post=3702"}],"version-history":[{"count":0,"href":"https:\/\/archives.regards.fr\/index.php?rest_route=\/wp\/v2\/posts\/3702\/revisions"}],"wp:attachment":[{"href":"https:\/\/archives.regards.fr\/index.php?rest_route=%2Fwp%2Fv2%2Fmedia&parent=3702"}],"wp:term":[{"taxonomy":"category","embeddable":true,"href":"https:\/\/archives.regards.fr\/index.php?rest_route=%2Fwp%2Fv2%2Fcategories&post=3702"},{"taxonomy":"post_tag","embeddable":true,"href":"https:\/\/archives.regards.fr\/index.php?rest_route=%2Fwp%2Fv2%2Ftags&post=3702"}],"curies":[{"name":"wp","href":"https:\/\/api.w.org\/{rel}","templated":true}]}}