{"id":3679,"date":"2009-01-05T00:00:00","date_gmt":"2009-01-04T23:00:00","guid":{"rendered":"https:\/\/wp.muchomaas.com\/regards-est-il-anticommuniste3679\/"},"modified":"2009-01-05T00:00:00","modified_gmt":"2009-01-04T23:00:00","slug":"regards-est-il-anticommuniste3679","status":"publish","type":"post","link":"https:\/\/archives.regards.fr\/?p=3679","title":{"rendered":"\u00ab Regards \u00bb est-il anticommuniste ?"},"content":{"rendered":"<p class=\"post_excerpt\"> Plusieurs lettres de nos lecteurs nous interpellent sur la ligne \u00e9ditoriale du journal. Par manque d&#8217;espace, nous n&#8217;en publions que deux. Elles sont repr\u00e9sentatives des questions qui traversent ces courriers. La r\u00e9ponse de Roger Martelli. <\/p>\n<p> <strong> Des deux lettres que publie<em> Regards <\/em> <\/strong>, l&#8217;une est insultante et c&#8217;est tant pis pour l&#8217;insulteur, l&#8217;autre est utilement d\u00e9rangeante. L&#8217;une est un t\u00e9moignage du pass\u00e9, l&#8217;autre \u00e9nonce, sans vulgarit\u00e9, une question qui ne peut laisser indiff\u00e9rent.<em> Regards <\/em>  a \u00e9t\u00e9 cr\u00e9\u00e9 par le PCF. La soci\u00e9t\u00e9 qui l&#8217;\u00e9ditait n&#8217;a pu survivre \u00e0 un endettement structurel, qui s&#8217;est creus\u00e9 entre 1997 et 2000]];<em> Regards <\/em> est \u00e9dit\u00e9 d\u00e9sormais par une Scop. Il n&#8217;est pas un journal communiste. Il s&#8217;inscrit ouvertement dans la gauche critique, celle qui ne se r\u00e9signe pas, ni aux normes du capital, ni \u00e0 celles de l&#8217;ordre social ou moral. Cette gauche inclut le communisme, mais ne se r\u00e9sume pas \u00e0 lui.<em> Regards <\/em>, par principe, ne saurait donc \u00eatre anticommuniste. Encore faut-il savoir ce qu&#8217;est l&#8217;anticommunisme. Longtemps, les communistes ont ainsi cru qu&#8217;un antistalinien ne pouvait \u00eatre qu&#8217;anticommuniste. Erreur funeste: le communisme tout entier e\u00fbt d\u00fb \u00eatre, le plus t\u00f4t possible et le plus hautement possible, antistalinien. Qu&#8217;il ne l&#8217;ait pas \u00e9t\u00e9 a co\u00fbt\u00e9 cher au communisme fran\u00e7ais et au communisme tout court. Dire une part de la v\u00e9rit\u00e9, est-ce \u00eatre anticommuniste? Comme chacun le sait, je suis pour ma part communiste et m\u00eame \u00abencart\u00e9\u00bb. Voil\u00e0 des ann\u00e9es que, inlassablement, je dis \u00e0 mes camarades: si nous continuons comme cela nous allons dans le mur. \u00abPessimiste\u00bb, m&#8217;ont dit quelques camarades; \u00abanticommuniste\u00bb, ont \u00e9ruct\u00e9 quelques ayatollahs. Le probl\u00e8me est que nous sommes all\u00e9s dans le mur&#8230;<\/p>\n<p><strong> Les communistes se disent mat\u00e9rialistes. <\/strong> Mais il se trouve que le Congr\u00e8s auquel j&#8217;ai particip\u00e9 a conduit sa r\u00e9flexion en oubliant une dimension de la r\u00e9alit\u00e9: le d\u00e9clin \u00e9lectoral, comme le d\u00e9clin militant du PCF, ne s&#8217;est pas interrompu. Je ne l&#8217;ai gu\u00e8re vu \u00e9crit dans la presse communiste; je l&#8217;ai donc \u00e9crit dans<em> Regards <\/em>. Ce n&#8217;est pas toute la r\u00e9alit\u00e9, mais c&#8217;est un pan de la r\u00e9alit\u00e9. Le patrimoine communiste, \u00e9lectoral et militant, est une richesse incomparable, f\u00fbt-elle affaiblie. A force de vouloir pr\u00e9server cet h\u00e9ritage sans y toucher, de s&#8217;\u00e9chiner \u00e0 le conserver, on a fini par le liquider. Le patrimoine s&#8217;\u00e9tiole, le PCF ne parvient plus, malgr\u00e9 l&#8217;effort de ses militants, \u00e0 le reproduire. C&#8217;est une perte s\u00e8che: ce que le PCF perd, aucune force \u00e0 gauche n&#8217;est en \u00e9tat de le r\u00e9cup\u00e9rer.<\/p>\n<p><strong> C&#8217;est vrai que ce g\u00e2chis m&#8217;est insupportable. <\/strong> Cessons de nous replier sur nous-m\u00eames, de voir dans le monde ext\u00e9rieur un ramassis d&#8217;anticommunistes. Partons de l&#8217;id\u00e9e qu&#8217;il existe autour de nous, parfois loin de nous, des forces critiques qui ne veulent plus de ce monde-l\u00e0 et r\u00eavent d&#8217;en construire un autre. Sur certains points, ils ne sont sans doute pas mieux que les communistes, sur d&#8217;autres j&#8217;ai l&#8217;impression qu&#8217;ils le sont. On prend le temps de les regarder, de les analyser, de les \u00e9couter, de les comprendre? Ou bien on reste entre soi \u00e0 se plaindre des m\u00e9chants et \u00e0 faire l&#8217;autopromotion des excellents que nous sommes, dans un langage qui ne sert souvent \u00e0 rien, parce qu&#8217;il ne peut m\u00eame pas \u00eatre compris?<em> Regards <\/em> observe, avec sympathie, tout ce qui bouge dans une gauche digne de ce nom. <\/p>\n<p><strong> J&#8217;ai la faiblesse de penser <\/strong> que le communisme ne retrouvera ses couleurs que dans le m\u00e9tissage avec toutes les sensibilit\u00e9s critiques. Je ne crois pas \u00e0 sa disparition; mais je redoute son inutilit\u00e9 s&#8217;il reste centr\u00e9 sur lui-m\u00eame. Au Congr\u00e8s qui vient de s&#8217;achever, j&#8217;ai dit que je ne participerai plus \u00e0 la direction, comme je l&#8217;ai fait pendant vingt-six ans. Mais communiste je reste, non pour me replier sur une forteresse assi\u00e9g\u00e9e, mais pour trouver avec d&#8217;autres, communistes ou non, les moyens de mettre \u00e0 bas le vieux monde de l&#8217;exploitation et de la domination des individus. Si Alain Brisson veut rester avec ceux-l\u00e0 seuls qui sont exactement comme lui, tant pis: je ne peux emp\u00eacher personne de se suicider. Quant \u00e0 David Gu\u00e9ret, qu&#8217;il sache que je n&#8217;ai pas d&#8217;autre certitude que celle-ci: s&#8217;il n&#8217;y a pas de la r\u00e9volution dans le communisme politique, il s&#8217;\u00e9tiolera, quelle que soit la qualit\u00e9 humaine de ses militants. J&#8217;ai l&#8217;impression d&#8217;\u00eatre certain d&#8217;une autre chose encore: que l&#8217;esprit d&#8217;alternative s&#8217;\u00e9touffera, si ses composantes restent dispers\u00e9s. Et ce que je dis l\u00e0 ne vaut pas que pour le PCF. J&#8217;en ai autant \u00e0 dire au NPA, et plus largement \u00e0 tous ceux qui pensent que la gauche de gauche peut se recomposer autour d&#8217;eux.<\/p>\n<p><strong> Avec toute ma fraternit\u00e9 <\/strong> pour ceux qui n&#8217;oublient jamais que le communisme n&#8217;est pas un dogme; et avec toute ma tristesse pour ceux qui ne doutent jamais, qui ne savent pas que l&#8217;engagement militant est un acte libre et que la libert\u00e9 est incompatible avec l&#8217;aveuglement. <\/p>\n<p><strong> Roger Martelli <\/strong><\/p>\n<p>Paru dans<em> Regards <\/em> n\u00b058 janvier 2009<\/p>\n","protected":false},"excerpt":{"rendered":"<p> Plusieurs lettres de nos lecteurs nous interpellent sur la ligne \u00e9ditoriale du journal. Par manque d&#8217;espace, nous n&#8217;en publions que deux. Elles sont repr\u00e9sentatives des questions qui traversent ces courriers. La r\u00e9ponse de Roger Martelli. <\/p>\n","protected":false},"author":328,"featured_media":0,"comment_status":"open","ping_status":"open","sticky":false,"template":"","format":"standard","meta":{"_themeisle_gutenberg_block_has_review":false,"footnotes":""},"categories":[141],"tags":[287],"class_list":["post-3679","post","type-post","status-publish","format-standard","hentry","category-archives-web","tag-medias"],"_links":{"self":[{"href":"https:\/\/archives.regards.fr\/index.php?rest_route=\/wp\/v2\/posts\/3679","targetHints":{"allow":["GET"]}}],"collection":[{"href":"https:\/\/archives.regards.fr\/index.php?rest_route=\/wp\/v2\/posts"}],"about":[{"href":"https:\/\/archives.regards.fr\/index.php?rest_route=\/wp\/v2\/types\/post"}],"author":[{"embeddable":true,"href":"https:\/\/archives.regards.fr\/index.php?rest_route=\/wp\/v2\/users\/328"}],"replies":[{"embeddable":true,"href":"https:\/\/archives.regards.fr\/index.php?rest_route=%2Fwp%2Fv2%2Fcomments&post=3679"}],"version-history":[{"count":0,"href":"https:\/\/archives.regards.fr\/index.php?rest_route=\/wp\/v2\/posts\/3679\/revisions"}],"wp:attachment":[{"href":"https:\/\/archives.regards.fr\/index.php?rest_route=%2Fwp%2Fv2%2Fmedia&parent=3679"}],"wp:term":[{"taxonomy":"category","embeddable":true,"href":"https:\/\/archives.regards.fr\/index.php?rest_route=%2Fwp%2Fv2%2Fcategories&post=3679"},{"taxonomy":"post_tag","embeddable":true,"href":"https:\/\/archives.regards.fr\/index.php?rest_route=%2Fwp%2Fv2%2Ftags&post=3679"}],"curies":[{"name":"wp","href":"https:\/\/api.w.org\/{rel}","templated":true}]}}