{"id":3676,"date":"2009-01-01T00:00:00","date_gmt":"2008-12-31T23:00:00","guid":{"rendered":"https:\/\/wp.muchomaas.com\/sarkozy-ultraliberal-et3676\/"},"modified":"2009-01-01T00:00:00","modified_gmt":"2008-12-31T23:00:00","slug":"sarkozy-ultraliberal-et3676","status":"publish","type":"post","link":"https:\/\/archives.regards.fr\/?p=3676","title":{"rendered":"Sarkozy, ultralib\u00e9ral et autoritaire : nous y sommes !"},"content":{"rendered":"<p class=\"post_excerpt\"> En ne se fiant qu&#8217;aux d\u00e9clarations de Nicolas Sarkozy <\/p>\n<p>, nombreuses, tapageuses, souvent contradictoires, certains pouvaient en douter. D\u00e9sormais, les faits sont l\u00e0 : sa majorit\u00e9 met en \u0153uvre une politique coh\u00e9rente qui allie ultralib\u00e9ralisme et contr\u00f4le social. Bien avant l&#8217;\u00e9lection du pr\u00e9sident de la R\u00e9publique, en mars 2004, Regards consacrait un dossier de une, dans l&#8217;un de ses num\u00e9ros les mieux vendus des derni\u00e8res ann\u00e9es, au \u00abconcert lib\u00e9ral-populiste\u00bb de Sarkozy (1). Nous y sommes.<\/p>\n<p>Le paquet fiscal adopt\u00e9 \u00e0 l&#8217;\u00e9t\u00e9 2007, en tout d\u00e9but de mandature, est la premi\u00e8re pierre d&#8217;un \u00e9difice coh\u00e9rent servant le capitalisme et les plus riches, au d\u00e9triment des cat\u00e9gories populaires et des insoumis. Depuis, le patient d\u00e9tricotage des acquis n\u00e9s de l&#8217;apr\u00e8s-guerre touche de nombreux domaines. C&#8217;est l&#8217;\u00e2ge de la retraite repouss\u00e9 \u00e0 <\/p>\n<p>70 ans, les franchises m\u00e9dicales ou la lib\u00e9ralisation du travail le dimanche. Signe aussi que nous ne sommes pas totalement dupes du d\u00e9calage entre certains discours et la politique concr\u00e8tement men\u00e9e. Face \u00e0 la crise, Sarkozy a eu beau d\u00e9clamer:<em> \u00abLe march\u00e9 qui a toujours raison, c&#8217;est fini\u00bb <\/em> et plaider pour la<em> \u00abmoralisation du capitalisme\u00bb <\/em>, c&#8217;est bien un plan de relance qui fait la part belle aux banques et laisse sur le carreau les bas salaires qui a \u00e9t\u00e9 adopt\u00e9. Les minima sociaux n&#8217;ont m\u00eame pas \u00e9t\u00e9 augment\u00e9s alors que le pouvoir d&#8217;achat de ses allocataires est plomb\u00e9 depuis de nombreuses ann\u00e9es. Une petite prime unique leur est consacr\u00e9e, pour 3% du total du plan de relance! La mis\u00e8re&#8230; Le d\u00e9mant\u00e8lement des services publics, comme La Poste, soumise \u00e0 une privatisation rampante, ou les universit\u00e9s promises \u00e0 \u00abl&#8217;autonomie\u00bb, participe \u00e9galement de la politique de casse des solidarit\u00e9s collectives. <\/p>\n<p>Servir le monde de la finance et diminuer les protections, cela va de pair avec un contr\u00f4le social accru. Il faut bien que se l\u00e9gitime et s&#8217;exerce la puissance de l&#8217;Etat&#8230; D&#8217;o\u00f9 le d\u00e9veloppement de l&#8217;autoritarisme. Au menu : surveillance de nos libert\u00e9s, normalisation des comportements, remise au pas des insoumis, culpabilisation des vaincus du syst\u00e8me. Concr\u00e8tement, cette mise au pas se traduit par la cr\u00e9ation de fichiers en tout genre, une augmentation des violences polici\u00e8res et des incarc\u00e9rations, l&#8217;instauration de peines planchers et de la r\u00e9tention de s\u00fbret\u00e9, la p\u00e9nalisation accrue de la r\u00e9cidive, la refonte des services de renseignement, la mainmise sur les m\u00e9dias \u00e0 l&#8217;occasion de la r\u00e9forme de l&#8217;audiovisuel, le m\u00e9lange des genres, s\u00e9curitaire et m\u00e9dical, pour la psychiatrie&#8230; Sans compter l&#8217;oppression des sans-papiers et la poursuite de ceux qui les soutiennent, mise en \u0153uvre par un \u00abministre de l&#8217;Identit\u00e9 nationale\u00bb. Le contr\u00f4le accru et r\u00e9p\u00e9t\u00e9 des ch\u00f4meurs et des pr\u00e9caires, toujours pr\u00e9sent\u00e9s comme \u00ab profitant du syst\u00e8me \u00bb vient parfaire ce triste tableau.<\/p>\n<p>Contrairement aux apparences des mots, Nicolas Sarkozy d\u00e9montre que le lib\u00e9ralisme \u00e9conomique n&#8217;est d\u00e9cid\u00e9ment pas le meilleur alli\u00e9 des libert\u00e9s publiques. Et s&#8217;il continue, allez savoir ce qui peut se passer&#8230; D&#8217;apr\u00e8s<em> Le Figaro <\/em>, les r\u00e9voltes en Gr\u00e8ce lui ont donn\u00e9 des cauchemars: c&#8217;est par peur de la contagion qu&#8217;il aurait exig\u00e9 de remettre \u00e0 plus tard la r\u00e9forme Darcos, combattue avec ardeur par les lyc\u00e9ens. Le pr\u00e9sident serait revenu du dernier Conseil europ\u00e9en \u00e0 Bruxelles avec le sentiment que les conditions pouvaient \u00eatre r\u00e9unies d&#8217;un \u00ab Mai-68 europ\u00e9en \u00bb. Et pourquoi pas? <\/p>\n<p><strong> C.A. <\/strong><\/p>\n<p>[[1. Dont vous pouvez retrouver les archives sur https:\/\/wp.muchomaas.com<br \/>\n]]Paru dans<em> Regards <\/em> n\u00b058 janvier 2009<\/p>\n","protected":false},"excerpt":{"rendered":"<p> En ne se fiant qu&#8217;aux d\u00e9clarations de Nicolas Sarkozy <\/p>\n","protected":false},"author":570,"featured_media":0,"comment_status":"open","ping_status":"open","sticky":false,"template":"","format":"standard","meta":{"_themeisle_gutenberg_block_has_review":false,"footnotes":""},"categories":[141],"tags":[328],"class_list":["post-3676","post","type-post","status-publish","format-standard","hentry","category-archives-web","tag-editorial"],"_links":{"self":[{"href":"https:\/\/archives.regards.fr\/index.php?rest_route=\/wp\/v2\/posts\/3676","targetHints":{"allow":["GET"]}}],"collection":[{"href":"https:\/\/archives.regards.fr\/index.php?rest_route=\/wp\/v2\/posts"}],"about":[{"href":"https:\/\/archives.regards.fr\/index.php?rest_route=\/wp\/v2\/types\/post"}],"author":[{"embeddable":true,"href":"https:\/\/archives.regards.fr\/index.php?rest_route=\/wp\/v2\/users\/570"}],"replies":[{"embeddable":true,"href":"https:\/\/archives.regards.fr\/index.php?rest_route=%2Fwp%2Fv2%2Fcomments&post=3676"}],"version-history":[{"count":0,"href":"https:\/\/archives.regards.fr\/index.php?rest_route=\/wp\/v2\/posts\/3676\/revisions"}],"wp:attachment":[{"href":"https:\/\/archives.regards.fr\/index.php?rest_route=%2Fwp%2Fv2%2Fmedia&parent=3676"}],"wp:term":[{"taxonomy":"category","embeddable":true,"href":"https:\/\/archives.regards.fr\/index.php?rest_route=%2Fwp%2Fv2%2Fcategories&post=3676"},{"taxonomy":"post_tag","embeddable":true,"href":"https:\/\/archives.regards.fr\/index.php?rest_route=%2Fwp%2Fv2%2Ftags&post=3676"}],"curies":[{"name":"wp","href":"https:\/\/api.w.org\/{rel}","templated":true}]}}