{"id":3663,"date":"2008-12-01T00:00:00","date_gmt":"2008-11-30T23:00:00","guid":{"rendered":"https:\/\/wp.muchomaas.com\/russie-contre-le-mouvement-social3663\/"},"modified":"2008-12-01T00:00:00","modified_gmt":"2008-11-30T23:00:00","slug":"russie-contre-le-mouvement-social3663","status":"publish","type":"post","link":"https:\/\/archives.regards.fr\/?p=3663","title":{"rendered":"Russie : contre le mouvement social, la terreur"},"content":{"rendered":"<p>Le 13 novembre dernier vers 11 heures du matin, Carine Cl\u00e9ment, sociologue sp\u00e9cialiste des mouvements sociaux, a \u00e9t\u00e9 agress\u00e9e dans les rues de Moscou. Alors qu&#8217;elle se rendait \u00e0 une r\u00e9union publique sur la crise \u00e9conomique o\u00f9 elle devait intervenir, deux jeunes gens lui ont plant\u00e9 une seringue dans la cuisse, lui injectant un produit ind\u00e9termin\u00e9. C&#8217;\u00e9tait la troisi\u00e8me agression contre elle en deux semaines. Attach\u00e9e \u00e0 l&#8217;Institut de l&#8217;Acad\u00e9mie des sciences de Moscou, elle a cr\u00e9e en 2004 l&#8217;Institut de l&#8217;action collective, un organisme de soutien aux mouvements associatifs. Cette militante install\u00e9e en Russie soutient activement le d\u00e9veloppement des initiatives sociales et syndicales ind\u00e9pendantes. La premi\u00e8re agression avait eu lieu la veille de la \u00ab Journ\u00e9e de la col\u00e8re \u00bb, une journ\u00e9e interr\u00e9gionale de solidarit\u00e9 associant une quarantaine de mouvements sur tout le territoire russe. Un homme l&#8217;a frapp\u00e9e et lui a vol\u00e9 son sac, en bas de chez elle. Une autre fois, un homme l&#8217;a suivie d\u00e8s la sortie de son domicile, pendant un long moment, avant de l&#8217;insulter et de lui cracher au visage. <\/p>\n<p>Le m\u00eame jour, on retrouvait dans la cour de son immeuble le corps cribl\u00e9 de coups de Mikha\u00efl Beketov, r\u00e9dacteur en chef du journal Kimkinska\u00efa Pravda, qui m\u00e8ne depuis deux ans un combat contre la destruction de la for\u00eat et les constructions immobili\u00e8res sp\u00e9culatives. Il est toujours hospitalis\u00e9. Alexe\u00ef Etmanov, pr\u00e9sident du syndicat ind\u00e9pendant de l&#8217;usine Ford situ\u00e9e dans la r\u00e9gion de Saint-P\u00e9tersbourg, fut attaqu\u00e9 ce jour-l\u00e0 \u00e9galement, et pour la seconde fois en l&#8217;espace d&#8217;une semaine, \u00e0 coups de barre fer. Ce ne sont l\u00e0 que les derni\u00e8res agressions rapport\u00e9es contre des militants. <\/p>\n<p>La Russie conna\u00eet en effet depuis un bon moment une augmentation flagrante de cette forme de terreur. Sans compter les agressions racistes dont les Noirs, mais aussi les populations venues des r\u00e9gions du Sud telles que l&#8217;Azerba\u00efdjan, sont la cible depuis trois ans. Rappelons-nous aussi l&#8217;assassinat, le 7 octobre 2006, d&#8217;Anna Politkovska\u00efa, journaliste \u00e0 la<em> Nova\u00efa Gazeta <\/em>, connue pour ses enqu\u00eates pointues sur les exactions de l&#8217;arm\u00e9e russe en Tch\u00e9tch\u00e9nie. Dans un autre registre, les mobilisations des gays et des lesbiennes sont aur\u00e9ol\u00e9es dans ce pays d&#8217;attaques r\u00e9p\u00e9t\u00e9es, que ce soit lors des tentatives de Gay Pride dans les rues moscovites ou \u00e0 l&#8217;occasion de l&#8217;organisation d&#8217;une quelconque r\u00e9union publique en Sib\u00e9rie occidentale. Les intimidations contre les militants de la lutte contre le sida, \u00e9pid\u00e9mie qui ravage le pays dans une indiff\u00e9rence g\u00e9n\u00e9rale, ne se comptent pas non plus d\u00e8s qu&#8217;il s&#8217;agit de contrer les discours officiels des autorit\u00e9s de sant\u00e9. <\/p>\n<p>Depuis la France, l&#8217;usage de cette terreur choque et inqui\u00e8te. En Russie, on commence malheureusement \u00e0 s&#8217;y habituer et \u00e0 faire avec. Comme le rapporte Carine Cl\u00e9ment, le \u00ab sentiment d&#8217;impunit\u00e9 progresse : de plus en plus de personnes n&#8217;h\u00e9sitent plus \u00e0 employer des m\u00e9thodes de bandits pour s&#8217;en prendre aux acteurs du mouvement social \u00bb. Ces violentes pratiques cherchent avant tout : est-il besoin de le pr\u00e9ciser ? : \u00e0 annihiler toute volont\u00e9 d&#8217;\u00e9mancipation politique et l&#8217;\u00e9mergence d&#8217;une soci\u00e9t\u00e9 civile, porteuse d&#8217;une parole autonome. On pourrait voir dans ces histoires la d\u00e9liquescence d&#8217;un Etat, incapable d&#8217;assurer la moindre s\u00fbret\u00e9 \u00e0 ces citoyens. Mais l&#8217;a-t-il d\u00e9j\u00e0 fait depuis sa transformation ? Si la Russie s&#8217;est dot\u00e9e d&#8217;outils l\u00e9gislatifs et politiques qui pourraient donner l&#8217;illusion d&#8217;une d\u00e9mocratie en mouvement, la r\u00e9alit\u00e9 est celle d&#8217;un Etat fort et corrompu qui craint la constitution de contre-pouvoirs citoyens. Et ce climat de terreur l&#8217;arrange bien. Il pourrait n\u00e9anmoins perdre \u00e0 ce jeu-l\u00e0. Car malgr\u00e9 la r\u00e9pression et les intimidations, le mouvement associatif russe est en marche. La permanence des attaques dont il est l&#8217;objet est d&#8217;ailleurs un signe malheureux de sa vivacit\u00e9 et lui donne une raison suppl\u00e9mentaire de poursuivre son chemin. <strong> E.C. <\/strong><\/p>\n<p><em> Regards <\/em> n\u00b057 d\u00e9cembre 2008<\/p>\n","protected":false},"excerpt":{"rendered":"<p>Le 13 novembre dernier vers 11 heures du matin, Carine Cl\u00e9ment, sociologue sp\u00e9cialiste des mouvements sociaux, a \u00e9t\u00e9 agress\u00e9e dans les rues de Moscou. Alors qu&#8217;elle se rendait \u00e0 une r\u00e9union publique sur la crise \u00e9conomique o\u00f9 elle devait intervenir, deux jeunes gens lui ont plant\u00e9 une seringue dans la cuisse, lui injectant un produit [&hellip;]<\/p>\n","protected":false},"author":527,"featured_media":0,"comment_status":"open","ping_status":"open","sticky":false,"template":"","format":"standard","meta":{"_themeisle_gutenberg_block_has_review":false,"footnotes":""},"categories":[141],"tags":[328],"class_list":["post-3663","post","type-post","status-publish","format-standard","hentry","category-archives-web","tag-editorial"],"_links":{"self":[{"href":"https:\/\/archives.regards.fr\/index.php?rest_route=\/wp\/v2\/posts\/3663","targetHints":{"allow":["GET"]}}],"collection":[{"href":"https:\/\/archives.regards.fr\/index.php?rest_route=\/wp\/v2\/posts"}],"about":[{"href":"https:\/\/archives.regards.fr\/index.php?rest_route=\/wp\/v2\/types\/post"}],"author":[{"embeddable":true,"href":"https:\/\/archives.regards.fr\/index.php?rest_route=\/wp\/v2\/users\/527"}],"replies":[{"embeddable":true,"href":"https:\/\/archives.regards.fr\/index.php?rest_route=%2Fwp%2Fv2%2Fcomments&post=3663"}],"version-history":[{"count":0,"href":"https:\/\/archives.regards.fr\/index.php?rest_route=\/wp\/v2\/posts\/3663\/revisions"}],"wp:attachment":[{"href":"https:\/\/archives.regards.fr\/index.php?rest_route=%2Fwp%2Fv2%2Fmedia&parent=3663"}],"wp:term":[{"taxonomy":"category","embeddable":true,"href":"https:\/\/archives.regards.fr\/index.php?rest_route=%2Fwp%2Fv2%2Fcategories&post=3663"},{"taxonomy":"post_tag","embeddable":true,"href":"https:\/\/archives.regards.fr\/index.php?rest_route=%2Fwp%2Fv2%2Ftags&post=3663"}],"curies":[{"name":"wp","href":"https:\/\/api.w.org\/{rel}","templated":true}]}}