{"id":3638,"date":"2008-10-03T00:00:00","date_gmt":"2008-10-02T22:00:00","guid":{"rendered":"https:\/\/wp.muchomaas.com\/polemique-quand-charlie-hebdo3638\/"},"modified":"2008-10-03T00:00:00","modified_gmt":"2008-10-02T22:00:00","slug":"polemique-quand-charlie-hebdo3638","status":"publish","type":"post","link":"https:\/\/archives.regards.fr\/?p=3638","title":{"rendered":"Pol\u00e9mique. Quand \u00ab Charlie Hebdo \u00bb filme sa propre caricature."},"content":{"rendered":"<p class=\"post_excerpt\"> Le documentaire C&#8217;est dur d&#8217;\u00eatre aim\u00e9 par des cons, sorti le 17 septembre, revient sur le proc\u00e8s intent\u00e9 contre Charlie Hebdo apr\u00e8s la publication des caricatures de Mahomet. Quelques semaines apr\u00e8s l&#8217;\u00e9viction de Sin\u00e9, tax\u00e9 d&#8217;antis\u00e9mitisme par le m\u00eame journal. Dr\u00f4le de t\u00e9l\u00e9scopage. <\/p>\n<p> Que voit-on dans le documentaire<em> C&#8217;est dur d&#8217;\u00eatre aim\u00e9 par des cons <\/em>, de Daniel Leconte(1), consacr\u00e9 au \u00abproc\u00e8s des caricatures\u00bb contre<em> Charlie Hebdo <\/em> qui s&#8217;\u00e9tait d\u00e9roul\u00e9 en 2007, en pleine campagne pr\u00e9sidentielle? Pas grand-chose de nouveau, \u00e0 vrai dire&#8230; <\/p>\n<p>Si ce n&#8217;est Richard Malka, l&#8217;avocat de<em> Charlie Hebdo <\/em>, qui s&#8217;y exprime (tr\u00e8s) longuement sur la libert\u00e9 de la presse et la libert\u00e9 d&#8217;expression et qui, rappelons-le, est \u00e9galement l&#8217;avocat de Clearstream; et \u00e0 ce titre, m\u00e8ne depuis huit ans la vie dure \u00e0 Denis Robert (en le poursuivant pr\u00e8s de sept fois!), un journaliste qui eut l&#8217;outrecuidance d&#8217;user de sa \u00ablibert\u00e9\u00bb en enqu\u00eatant sur la d\u00e9sormais c\u00e9l\u00e8bre \u00abchambre\u00bb de compensation financi\u00e8re luxembourgeoise&#8230;<\/p>\n<p><strong> CHARLIE ET SON AVOCAT <\/strong><\/p>\n<p>Bien s\u00fbr, ma\u00eetre Malka, sp\u00e9cialis\u00e9 dans le droit de la presse, n&#8217;y voit l\u00e0 aucun paradoxe, et pr\u00e9f\u00e8re se draper dans la vertu, comme au dernier festival de Cannes o\u00f9 il expliqua, lors de la pr\u00e9sentation du film:<em> \u00abOn a imm\u00e9diatement conscience que c&#8217;est un proc\u00e8s qui va avoir une ampleur exceptionnelle. Cela arrive rarement dans une carri\u00e8re d&#8217;avocat : on porte non seulement la responsabilit\u00e9 de d\u00e9fendre son client, mais on garde \u00e0 l&#8217;esprit cette id\u00e9e que la cause est bien plus importante que son simple travail.\u00bb <\/em> Dans le film de Daniel Leconte, on le voit d&#8217;ailleurs d\u00e9clamer la m\u00eame chose&#8230; C&#8217;est vrai que la vertu, \u00e7a a du bon. Autant en profiter&#8230;<\/p>\n<p>Car, quand on est avocat, il y a des clients que l&#8217;on pr\u00e9f\u00e8re cacher. Justement, Denis Robert, dans son dernier livre(2), n&#8217;oublie pas, lui:<em> \u00abJe rappelle que l&#8217;avocat de Charlie Hebdo est, en France, \u00e9galement l&#8217;avocat de la multinationale qui me poursuit. Je rappelle que l&#8217;avocat de Charlie avait accept\u00e9 dans un premier temps ce boulot sans appara\u00eetre sous son identit\u00e9 dans les documents judiciaires. J&#8217;ai divulgu\u00e9 son nom dans mon second livre sur la multinationale. Ce qui ne lui a pas fait plaisir. Aujourd&#8217;hui, ce champion de la libert\u00e9 de la presse (&#8230;) d\u00e9pose et r\u00e9dige toutes les plaintes de la multinationale contre moi.\u00bb <\/em><\/p>\n<p>Mais revenons \u00e0 ces \u00abvertueux\u00bb h\u00e9ros de<em> Charlie Hebdo <\/em>&#8230;<em> C&#8217;est dur d&#8217;\u00eatre aim\u00e9 par des cons <\/em> est \u00e0 l&#8217;origine le titre de la une publi\u00e9e en 2006 par<em> Charlie Hebdo <\/em> repr\u00e9sentant Mahomet \u00abd\u00e9bord\u00e9 par les int\u00e9gristes\u00bb, qui valut alors \u00e0 l&#8217;hebdomadaire \u00absatirique\u00bb d&#8217;\u00eatre poursuivi par la Mosqu\u00e9e de Paris, l&#8217;UOIF (l&#8217;Union des organisations islamiques de France) et la ligue islamique mondiale, pour \u00abinjure publique \u00e0 l&#8217;\u00e9gard d&#8217;un groupe de personnes \u00e0 raison de leur religion\u00bb. A l&#8217;int\u00e9rieur du journal, deux autres caricatures de Mahomet, publi\u00e9es \u00e0 l&#8217;origine dans Jyllands-Posten, quotidien danois conservateur, \u00e9taient \u00e9galement mises en cause par les plaignants: l&#8217;une repr\u00e9sentait le proph\u00e8te portant un turban qui masque une bombe;  l&#8217;autre, Mahomet accueillant des kamikazes au paradis avec la l\u00e9gende \u00abArr\u00eatez, arr\u00eatez, nous n&#8217;avons plus de vierges\u00bb!<\/p>\n<p><strong> \u00ab\u00caTRE AIME PAR SARKO\u00bb <\/strong><\/p>\n<p>Durant le proc\u00e8s, l&#8217;universitaire et po\u00e8te tunisien Abdelwahab Meddeb, pourtant cit\u00e9 comme t\u00e9moin de la d\u00e9fense, expliquera m\u00eame:<em> \u00abCe n&#8217;est pas seulement la bombe qui me d\u00e9range, mais le regard concupiscent du proph\u00e8te, pour moi c&#8217;est une caricature clairement raciste, qui rappelle d&#8217;ailleurs certains dessins antis\u00e9mites.\u00bb <\/em> Ce qui n&#8217;emp\u00eache pas Meddeb de venir t\u00e9moigner en faveur de<em> Charlie Hebdo \u00abau nom de la libert\u00e9 d&#8217;expression\u00bb <\/em>. Tout comme Fran\u00e7ois Bayrou et Fran\u00e7ois Hollande, qui iront t\u00e9moigner en faveur du journal satirique, au nom de la d\u00e9fense de la libert\u00e9 de la presse&#8230;<\/p>\n<p>Habituellement, on appelle \u00e7a un consensus. Mais l\u00e0, du c\u00f4t\u00e9 de l&#8217;\u00e9quipe de<em> Charlie Hebdo <\/em>, la dramatisation est \u00e0 son comble. D&#8217;autant que les postures sont faciles devant des m\u00e9dias qui s&#8217;agglutinent dans la salle des pas perdus.<em> \u00abOn travaille pour vous!\u00bb <\/em>, lance d&#8217;ailleurs, faussement modeste, le patron de<em> Charlie Hebdo <\/em> aux porteurs de micros. A l&#8217;image, l&#8217;importance \u00abhistorique\u00bb d&#8217;un tel \u00ab\u00e9v\u00e9nement\u00bb semble se mesurer au nombre de cam\u00e9ras autour des protagonistes, ces enfants g\u00e2t\u00e9s, qui cachent mal leur plaisir d&#8217;avoir toute l&#8217;attention port\u00e9e vers eux. Y compris lorsque le ministre de l&#8217;Int\u00e9rieur de l&#8217;\u00e9poque, alors candidat \u00e0 l&#8217;\u00e9lection pr\u00e9sidentielle, leur adresse une lettre de soutien qu&#8217;ils s&#8217;empressent de lire au sein du tribunal. Et \u00e0 la question,<em> \u00abpas trop dur d&#8217;\u00eatre aim\u00e9 par Sarko\u00bb <\/em>, les rires fusent. <\/p>\n<p><strong> \u00abJ&#8217;INCARNE LA REPUBLIQUE\u00bb <\/strong><\/p>\n<p>Et comme cela ne suffisait pas, ces rieurs ont pu jouir du soutien de la procureure Anne de Fontette:<em> \u00abJ&#8217;ai eu onze proc\u00e8s de presse dans ma carri\u00e8re, j&#8217;en ai perdu dix, c&#8217;est la premi\u00e8re fois que le procureur \u00e9tait avec nous\u00bb <\/em>, rigole Cabu. De son c\u00f4t\u00e9, Madame de Fontette explique les raisons de son soutien:<em> \u00abJe suis procureur de la R\u00e9publique, j&#8217;incarne donc la R\u00e9publique.\u00bb <\/em> <\/p>\n<p>Elle dispute alors la palme du lyrisme \u00e0 un Philippe Val qui, \u00e0 l&#8217;\u00e9poque, pr\u00e9f\u00e9rait jouer le remake de Seul au monde, en \u00e9voquant<em> \u00ab <\/em> [ses]<em> craintes\u00bb <\/em> \u00e0<em> 20 minutes <\/em>:<em> Charlie Hebdo <\/em> a syst\u00e9matiquement gagn\u00e9 la vingtaine de proc\u00e8s que l&#8217;Eglise lui a intent\u00e9s pour des dessins sur le Pape et les chr\u00e9tiens, autant cette fois, il craint qu<em> \u00abil y ait quelque chose de politique dans ce proc\u00e8s\u00bb <\/em>. Forc\u00e9ment, en convoquant le tout-Paris \u00e0 la barre, c&#8217;est des choses qui arrivent&#8230; Un des avocats des plaignants note \u00e0 ce propos:<em> \u00abon avait peut-\u00eatre une chance de gagner si le dossier avait \u00e9t\u00e9 pris sous l&#8217;angle de la technique juridique.\u00bb <\/em> Ce ne fut pas le cas. Le tribunal pronon\u00e7a la relaxe en soulignant:<em> \u00abCharlie Hebdo participe de mani\u00e8re l\u00e9gitime \u00e0 un d\u00e9bat d&#8217;int\u00e9r\u00eat g\u00e9n\u00e9ral.\u00bb <\/em><\/p>\n<p>Ainsi, contrairement \u00e0 la mise en sc\u00e8ne de Daniel Leconte, le sujet du proc\u00e8s est loin d&#8217;\u00eatre cette seule \u00ablibert\u00e9 d&#8217;expression\u00bb : si facile \u00e0 proclamer, quand \u00e7a arrange, et \u00e0 taire, quand \u00e7a d\u00e9range. En r\u00e9alit\u00e9, c&#8217;est bien de l&#8217;islam dont il est question ici. Les jours pr\u00e9c\u00e9dant l&#8217;audience, Richard Malka en est tellement conscient qu&#8217;il demandera  \u00e0 l&#8217;\u00e9quipe de l&#8217;hebdomadaire de changer de une consacr\u00e9e alors au seul islam&#8230; en proposant d&#8217;ajouter \u00e9galement les autres religions sur le dessin concern\u00e9.<em> \u00abC&#8217;est dr\u00f4le parce que finalement, c&#8217;est l&#8217;avocat qui choisit la une\u00bb <\/em>, commente alors Cabu.<\/p>\n<p><strong> DEUX POIDS, DEUX MESURES? <\/strong><br \/>\n<em> \u00abJe riais pour dire aux musulmans: vous faites partie de la d\u00e9mocratie fran\u00e7aise\u00bb <\/em>, se justifie de son c\u00f4t\u00e9 le dessinateur Riss \u00e0 propos des caricatures. Mais parmi les membres de<em> Charlie Hebdo <\/em> interrog\u00e9s, une obsession domine: que<em> \u00ables musulmans\u00bb <\/em> rient avec eux. Pour montrer patte blanche? Prouver leur bonne foi? La d\u00e9cision de porter l&#8217;affaire en justice n&#8217;est-elle pas la preuve de leur effective int\u00e9gration \u00e0 la soci\u00e9t\u00e9 fran\u00e7aise? Ma\u00eetre George Kiejman, qui assurait \u00e9galement la d\u00e9fense de l&#8217;hebdomadaire, en doute:<em> \u00abPar ce proc\u00e8s, c&#8217;est aussi le mod\u00e8le occidental qui est en question.\u00bb <\/em> <\/p>\n<p>Y a-t-il deux poids, deux mesures entre l&#8217;affaire des caricatures et l&#8217;affaire Sin\u00e9, dont l&#8217;\u00e9viction du journal sous l&#8217;accusation d&#8217;antis\u00e9mitisme a suscit\u00e9 des remous? Face aux critiques exprim\u00e9es  lors du proc\u00e8s \u00e0 l&#8217;encontre de l&#8217;\u00e9quipe de<em> Charlie Hebdo <\/em>, Richard Malka a sa r\u00e9ponse:<em> \u00abd&#8217;un c\u00f4t\u00e9, on caricature une communaut\u00e9, de l&#8217;autre, on caricature une religion.\u00bb <\/em> <\/p>\n<p>Le directeur de<em> Lib\u00e9ration <\/em>, Laurent Joffrin, ne disait pas autre chose dans son \u00e9ditorial du 25 juillet dernier \u00e0 propos de \u00abl&#8217;affaire Sin\u00e9\u00bb :<em> \u00abR\u00e9prouver l&#8217;int\u00e9grisme musulman et d\u00e9noncer le pouvoir suppos\u00e9 des juifs, ce n&#8217;est pas la m\u00eame chose. On est anti-int\u00e9griste dans le premier cas, raciste dans le second. On choisit sa religion, on ne choisit pas sa race.\u00bb <\/em> Devant ces \u00abr\u00e9flexions\u00bb de grande port\u00e9e, n&#8217;oublions pas que le racisme est indivisible, et que la lutte contre lui l&#8217;est aussi. <\/p>\n<p><strong> M.E. <\/strong><\/p>\n<p><em> C&#8217;est dur d&#8217;\u00eatre aim\u00e9 par des cons <\/em>, documentaire de Daniel Leconte, sortie le 17 septembre  <\/p>\n<p>Paru dans<em> Regards <\/em> n\u00b055, octobre 2008<\/p>\n","protected":false},"excerpt":{"rendered":"<p> Le documentaire C&#8217;est dur d&#8217;\u00eatre aim\u00e9 par des cons, sorti le 17 septembre, revient sur le proc\u00e8s intent\u00e9 contre Charlie Hebdo apr\u00e8s la publication des caricatures de Mahomet. Quelques semaines apr\u00e8s l&#8217;\u00e9viction de Sin\u00e9, tax\u00e9 d&#8217;antis\u00e9mitisme par le m\u00eame journal. Dr\u00f4le de t\u00e9l\u00e9scopage. <\/p>\n","protected":false},"author":1,"featured_media":0,"comment_status":"open","ping_status":"open","sticky":false,"template":"","format":"standard","meta":{"_themeisle_gutenberg_block_has_review":false,"footnotes":""},"categories":[141],"tags":[287],"class_list":["post-3638","post","type-post","status-publish","format-standard","hentry","category-archives-web","tag-medias"],"_links":{"self":[{"href":"https:\/\/archives.regards.fr\/index.php?rest_route=\/wp\/v2\/posts\/3638","targetHints":{"allow":["GET"]}}],"collection":[{"href":"https:\/\/archives.regards.fr\/index.php?rest_route=\/wp\/v2\/posts"}],"about":[{"href":"https:\/\/archives.regards.fr\/index.php?rest_route=\/wp\/v2\/types\/post"}],"author":[{"embeddable":true,"href":"https:\/\/archives.regards.fr\/index.php?rest_route=\/wp\/v2\/users\/1"}],"replies":[{"embeddable":true,"href":"https:\/\/archives.regards.fr\/index.php?rest_route=%2Fwp%2Fv2%2Fcomments&post=3638"}],"version-history":[{"count":0,"href":"https:\/\/archives.regards.fr\/index.php?rest_route=\/wp\/v2\/posts\/3638\/revisions"}],"wp:attachment":[{"href":"https:\/\/archives.regards.fr\/index.php?rest_route=%2Fwp%2Fv2%2Fmedia&parent=3638"}],"wp:term":[{"taxonomy":"category","embeddable":true,"href":"https:\/\/archives.regards.fr\/index.php?rest_route=%2Fwp%2Fv2%2Fcategories&post=3638"},{"taxonomy":"post_tag","embeddable":true,"href":"https:\/\/archives.regards.fr\/index.php?rest_route=%2Fwp%2Fv2%2Ftags&post=3638"}],"curies":[{"name":"wp","href":"https:\/\/api.w.org\/{rel}","templated":true}]}}