{"id":3633,"date":"2008-11-01T00:00:00","date_gmt":"2008-10-31T23:00:00","guid":{"rendered":"https:\/\/wp.muchomaas.com\/crise-du-capitalisme-en-quete-d3633\/"},"modified":"2008-11-01T00:00:00","modified_gmt":"2008-10-31T23:00:00","slug":"crise-du-capitalisme-en-quete-d3633","status":"publish","type":"post","link":"https:\/\/archives.regards.fr\/?p=3633","title":{"rendered":"Crise du capitalisme : en qu\u00eate d&#8217;alternative"},"content":{"rendered":"<p class=\"post_excerpt\"> La crise du capitalisme <\/p>\n<p> montre, s&#8217;il le fallait, que la mise en cause radicale de notre syst\u00e8me \u00e9conomique est d&#8217;une profonde modernit\u00e9. Alors m\u00eame que les effets dans l&#8217;\u00e9conomie r\u00e9elle sont encore devant nous, la l\u00e9gitimit\u00e9 du capitalisme est d\u00e9sormais atteinte. Pas question pour autant de se frotter les mains d&#8217;une telle le\u00e7on de chose car les cat\u00e9gories populaires et les peuples du Sud seront les premi\u00e8res victimes de la r\u00e9cession \u00e9conomique. Les d\u00e9g\u00e2ts risquent d&#8217;\u00eatre consid\u00e9rables. Si les puissants de ce monde en portent la responsabilit\u00e9, les mouvements politiques qui travaillent au d\u00e9passement du capitalisme et \u00e0 la d\u00e9finition d&#8217;un autre mod\u00e8le de d\u00e9veloppement sont interpell\u00e9s. Que proposent-ils, que propose-t-on ? Quelle est la cr\u00e9dibilit\u00e9 des r\u00e9ponses, en termes de faisabilit\u00e9 dans un contexte de globalisation lib\u00e9rale et de constitution de majorit\u00e9s d&#8217;id\u00e9es et d&#8217;actions ? Comment transformer ?<\/p>\n<p><strong> Pour ce que l&#8217;on en per\u00e7oit \u00e0 ce jour <\/strong>, l&#8217;espace politique est assez d\u00e9sarm\u00e9 et d\u00e9sarmant. A droite comme \u00e0 gauche, les discours sont soumis \u00e0 la contorsion. Face au d\u00e9sastre en cours, tout le monde tricote autour de la r\u00e9gulation et de l&#8217;humanisation de notre \u00e9conomie, \u00ab devenue folle \u00bb, comme si elle ne l&#8217;\u00e9tait pas d\u00e9j\u00e0 avant. Les d\u00e9rives du march\u00e9 sont m\u00eame d\u00e9nonc\u00e9es, la main sur le c\u0153ur, par les tenants d&#8217;une droite ultralib\u00e9rale, m\u00e9tamorphos\u00e9e pour l&#8217;occasion en apologiste de l&#8217;Etat : il faut bien qu&#8217;il en reste un peu pour payer la facture des d\u00e9faillances capitalistes&#8230; Le PS n&#8217;est pas \u00e0 son aise. Comment pourrait-il en \u00eatre autrement d&#8217;un parti qui vient d&#8217;adopter une charte on ne peut plus claire sur son option d&#8217;adaptation au lib\u00e9ralisme \u00e9conomique ? Les socialistes tentent tout de m\u00eame de donner le change, attaquent Nicolas Sarkozy, proposent quelques nouvelles \u00ab r\u00e8gles de bonne conduite \u00bb. Mais leur abstention au Parlement sur le vote en faveur du plan de sauvetage des banques est significative. Il faut dire que les tenants du lib\u00e9ralisme se sont exprim\u00e9s ouvertement il y a peu au sein du PS, des t\u00e9nors socialistes sont \u00e0 la t\u00eate d&#8217;organismes de gestion de la globalisation (DSK, Lamy) et puis, souvenez-vous, \u00ab l&#8217;Etat ne peut pas tout \u00bb (Jospin en 2002 devant des salari\u00e9s mobilis\u00e9s contre des licenciements). Comme le r\u00e9sumait un \u00e9dito du Figaro, le PS n&#8217;arrive pas \u00e0 se d\u00e9marquer et manque singuli\u00e8rement d&#8217;imagination. Il manque surtout de fil \u00e0 plomb pour combattre l&#8217;ordre dominant. Dans le contexte, on comprend que la motion d\u00e9fendue par Beno\u00eet Hamon et Jean-Luc M\u00e9lenchon prosp\u00e8re&#8230; Jusqu&#8217;o\u00f9 ? L&#8217;improbabilit\u00e9 d&#8217;arriver en t\u00eate, de pouvoir constituer une majorit\u00e9 au sein du PS sur une ligne clairement \u00e0 gauche n&#8217;en dit-elle pas long sur les \u00e9volutions de cette formation politique ? Quelles cons\u00e9quences les militants socialistes porteurs d&#8217;une autre gauche vont-ils tirer du Congr\u00e8s qui s&#8217;ouvre ?<\/p>\n<p><strong> Dans la gauche radicale <\/strong>, le PCF et la LCR, dynamis\u00e9e avec la cr\u00e9ation du NPA, sont \u00e9videmment plus \u00e0 l&#8217;aise pour d\u00e9rouler le registre anticapitaliste. P\u00f4le public bancaire, taxation des profits, augmentation des salaires et minima sociaux, refonte des organismes internationaux, transparence des march\u00e9s, lutte contre les paradis fiscaux&#8230; Une autre logique est avanc\u00e9e. La modification substantielle de la r\u00e9partition de la valeur ajout\u00e9e, pour changer le rapport capital\/ travail, est un axe commun aux diff\u00e9rentes sensibilit\u00e9s de la gauche critique, m\u00eame s&#8217;il est aujourd&#8217;hui d\u00e9fendu s\u00e9par\u00e9ment et perd donc force et lisibilit\u00e9. De ce c\u00f4t\u00e9-l\u00e0, on sait que la \u00ab moralisation \u00bb du capitalisme est une impasse : seul le parti pris de l&#8217;affrontement avec lui est r\u00e9aliste si l&#8217;on veut modifier s\u00e9rieusement et durablement la donne. C&#8217;est bien le c\u0153ur de la m\u00e9canique qu&#8217;il faut toucher. Non pas en pr\u00e9tendant que, demain matin, on va renverser le capitalisme et raser gratis. Mais en cessant de jouer les na\u00effs sur la nature profonde de notre syst\u00e8me et en revendiquant haut et fort un changement de paradigme, pour b\u00e2tir un d\u00e9veloppement humain. Discuter de la viabilit\u00e9 \u00e9conomique de l&#8217;alternative est un vrai sujet, comme l&#8217;explique Michel Husson dans Un pur capitalisme, ouvrage qui a le m\u00e9rite de ne pas en rester au seul constat accablant comme l&#8217;essentiel de la production r\u00e9cente sur le capitalisme, mais de dresser une perspective avec le souci de la cr\u00e9dibilit\u00e9 et de l&#8217;articulation entre r\u00e9ponses gouvernementales et mobilisations sociales.<\/p>\n<p><strong> Le projet d&#8217;une gauche de transformation sociale <\/strong> digne du XXIe si\u00e8cle reste \u00e0 construire. Cela ne signifie pas que les soubassements d&#8217;une alternative soient introuvables. Encore faut-il se mettre en mouvement et au travail&#8230; La crise financi\u00e8re invite \u00e0 repenser l&#8217;horizon \u00e9conomique et, plus globalement, un changement de soci\u00e9t\u00e9. C&#8217;est une chance si l&#8217;on sait la saisir, si une force politique suffisamment large pour \u00eatre utile arrive \u00e0 \u00e9merger. Encore faut-il sortir de nos vieilles lunes&#8230;  <\/p>\n<p><strong> C.A. <\/strong><\/p>\n<p>Paru dans<em> Regards <\/em> n\u00b056, novembre 2008<\/p>\n","protected":false},"excerpt":{"rendered":"<p> La crise du capitalisme <\/p>\n","protected":false},"author":570,"featured_media":0,"comment_status":"open","ping_status":"open","sticky":false,"template":"","format":"standard","meta":{"_themeisle_gutenberg_block_has_review":false,"footnotes":""},"categories":[141],"tags":[328],"class_list":["post-3633","post","type-post","status-publish","format-standard","hentry","category-archives-web","tag-editorial"],"_links":{"self":[{"href":"https:\/\/archives.regards.fr\/index.php?rest_route=\/wp\/v2\/posts\/3633","targetHints":{"allow":["GET"]}}],"collection":[{"href":"https:\/\/archives.regards.fr\/index.php?rest_route=\/wp\/v2\/posts"}],"about":[{"href":"https:\/\/archives.regards.fr\/index.php?rest_route=\/wp\/v2\/types\/post"}],"author":[{"embeddable":true,"href":"https:\/\/archives.regards.fr\/index.php?rest_route=\/wp\/v2\/users\/570"}],"replies":[{"embeddable":true,"href":"https:\/\/archives.regards.fr\/index.php?rest_route=%2Fwp%2Fv2%2Fcomments&post=3633"}],"version-history":[{"count":0,"href":"https:\/\/archives.regards.fr\/index.php?rest_route=\/wp\/v2\/posts\/3633\/revisions"}],"wp:attachment":[{"href":"https:\/\/archives.regards.fr\/index.php?rest_route=%2Fwp%2Fv2%2Fmedia&parent=3633"}],"wp:term":[{"taxonomy":"category","embeddable":true,"href":"https:\/\/archives.regards.fr\/index.php?rest_route=%2Fwp%2Fv2%2Fcategories&post=3633"},{"taxonomy":"post_tag","embeddable":true,"href":"https:\/\/archives.regards.fr\/index.php?rest_route=%2Fwp%2Fv2%2Ftags&post=3633"}],"curies":[{"name":"wp","href":"https:\/\/api.w.org\/{rel}","templated":true}]}}