{"id":3611,"date":"2008-05-01T00:00:00","date_gmt":"2008-04-30T22:00:00","guid":{"rendered":"https:\/\/wp.muchomaas.com\/sms-en-rafales3611\/"},"modified":"2008-05-01T00:00:00","modified_gmt":"2008-04-30T22:00:00","slug":"sms-en-rafales3611","status":"publish","type":"post","link":"https:\/\/archives.regards.fr\/?p=3611","title":{"rendered":"SMS en rafales !"},"content":{"rendered":"<p class=\"post_excerpt\"> On les appelle flash mob. Mobilisations \u00e9clair. Via son portable, on peut organiser une action en quelques minutes, presque en temps r\u00e9el. Les nouveaux moyens technologiques sont pour quelque chose dans l&#8217;ampleur et la rapidit\u00e9 des mouvements des jeunes ces derni\u00e8res ann\u00e9es. <\/p>\n<p>Rapides, efficaces, pouvant toucher de nombreuses personnes, les SMS(1), ou les logiciels de messageries instantan\u00e9es tels que \u00abMSN\u00bb, sont devenus en quelques ann\u00e9es de v\u00e9ritables outils de mobilisation.<\/p>\n<p>En France, les manifestations anti-CPE en 2006 les ont d\u00e9finitivement install\u00e9s dans les m\u0153urs contestataires de milliers de jeunes lyc\u00e9ens et \u00e9tudiants. Avec grand succ\u00e8s. Car, gr\u00e2ce \u00e0 ces nouveaux moyens technologiques, n&#8217;importe quelle action peut \u00eatre organis\u00e9e en quelques minutes, presque en temps r\u00e9el, d\u00e9routant encore un peu plus les forces de l&#8217;ordre. De fait, l&#8217;ampleur et la rapidit\u00e9 des derni\u00e8res mobilisations lyc\u00e9ennes et \u00e9tudiantes ne peuvent se comprendre sans l&#8217;utilisation effren\u00e9e par les jeunes manifestants de leurs t\u00e9l\u00e9phones portables. <\/p>\n<p><strong> TOUJOURS CONNECTES <\/strong><\/p>\n<p>Au printemps 2006, comme encore r\u00e9cemment, c&#8217;est gr\u00e2ce aux SMS que ces jeunes \u00abactivistes\u00bb ont pu organiser des occupations sauvages sur les voies ferr\u00e9es des gares ou sur le p\u00e9riph\u00e9rique parisien. Des petits groupes mobiles pouvaient alors se d\u00e9placer rapidement, tout en restant toujours connect\u00e9s entre eux.<em> \u00abCes derni\u00e8res semaines, on a fait pareil pour d\u00e9cider des blocages de certains lyc\u00e9es afin de protester contre les r\u00e9formes en cours\u00bb <\/em>, explique Maxime, 19 ans, lyc\u00e9en en Seine-Saint-Denis, grand amateur de SMS.<\/p>\n<p>Et quand ces nouveaux \u00abmilitants\u00bb ne sont plus dehors en train d&#8217;organiser des actions via leur portable, ils sont chez eux devant leur \u00e9cran d&#8217;ordinateur \u00e0 \u00ab chatter \u00bb pendant des heures sur la messagerie instantann\u00e9e MSN:<em> \u00abParfois on se retrouve \u00e0 presque vingt \u00e0 discuter ensemble sur MSN, s&#8217;exclame Maxime, souvent les discussions partent dans tous les sens!\u00bb <\/em> En somme, les versions \u00e9lectroniques des traditionnelles AG&#8230;<\/p>\n<p><strong> PAR TEXTOS INTERPOSES <\/strong><\/p>\n<p>A l&#8217;\u00e9tranger, il y eut de nombreux pr\u00e9c\u00e9dents: ainsi \u00e0 Madrid, trois jours apr\u00e8s les attentats du 11 mars 2004, plus de 5000 personnes mobilis\u00e9es par SMS et e-mail manifest\u00e8rent devant le QG du Parti populaire, pour r\u00e9clamer toute la transparence sur cette affaire. C&#8217;\u00e9tait la fameuse \u00abnuit des SMS\u00bb. Car \u00e0 l&#8217;\u00e9poque, ni le PSOE, ni la Plate-forme contre la guerre, ni les syndicats n&#8217;avaient appel\u00e9 \u00e0 manifester. Seul un \u00abcitoyen\u00bb, \u00e0 titre individuel, avait au d\u00e9part convoqu\u00e9 un petit groupe d&#8217;amis. Son appel avait alors rebondi de t\u00e9l\u00e9phone mobile en t\u00e9l\u00e9phone mobile&#8230;<\/p>\n<p>Mais d\u00e9j\u00e0 \u00e0 Seattle, en 1999, des militants anti-OMC avaient organis\u00e9 des rassemblements via ces petits messages courts. Idem lors des mobilisations contre la guerre en Irak : des petits groupes de copains se donnaient des rendez-vous pour manifester par textos interpos\u00e9s. Et en 2001, les manifestations pacifiques aux Philippines qui avaient fait chuter le gouvernement du pr\u00e9sident Estrada, avaient \u00e9t\u00e9 coordonn\u00e9es par SMS. Aux Etats-Unis, on appelle ces mobilisations des \u00abflash mob\u00bb, c&#8217;est-\u00e0-dire des mobilisations \u00e9clair. Ce qui ne nous dit pas comment on approfondit ces nouvelles formes d&#8217;engagement&#8230; <strong> M.E. <\/strong><\/p>\n<p>1. Short message service ou textos: compos\u00e9s de maximum 160 caract\u00e8res apparaissant sur l&#8217;\u00e9cran des t\u00e9l\u00e9phones portables.<\/p>\n<p>Paru dans<em> Regards <\/em> n\u00b051 avril\/mai<\/p>\n","protected":false},"excerpt":{"rendered":"<p> On les appelle flash mob. Mobilisations \u00e9clair. Via son portable, on peut organiser une action en quelques minutes, presque en temps r\u00e9el. Les nouveaux moyens technologiques sont pour quelque chose dans l&#8217;ampleur et la rapidit\u00e9 des mouvements des jeunes ces derni\u00e8res ann\u00e9es. <\/p>\n","protected":false},"author":1,"featured_media":0,"comment_status":"open","ping_status":"open","sticky":false,"template":"","format":"standard","meta":{"_themeisle_gutenberg_block_has_review":false,"footnotes":""},"categories":[141],"tags":[311],"class_list":["post-3611","post","type-post","status-publish","format-standard","hentry","category-archives-web","tag-mouvement-social"],"_links":{"self":[{"href":"https:\/\/archives.regards.fr\/index.php?rest_route=\/wp\/v2\/posts\/3611","targetHints":{"allow":["GET"]}}],"collection":[{"href":"https:\/\/archives.regards.fr\/index.php?rest_route=\/wp\/v2\/posts"}],"about":[{"href":"https:\/\/archives.regards.fr\/index.php?rest_route=\/wp\/v2\/types\/post"}],"author":[{"embeddable":true,"href":"https:\/\/archives.regards.fr\/index.php?rest_route=\/wp\/v2\/users\/1"}],"replies":[{"embeddable":true,"href":"https:\/\/archives.regards.fr\/index.php?rest_route=%2Fwp%2Fv2%2Fcomments&post=3611"}],"version-history":[{"count":0,"href":"https:\/\/archives.regards.fr\/index.php?rest_route=\/wp\/v2\/posts\/3611\/revisions"}],"wp:attachment":[{"href":"https:\/\/archives.regards.fr\/index.php?rest_route=%2Fwp%2Fv2%2Fmedia&parent=3611"}],"wp:term":[{"taxonomy":"category","embeddable":true,"href":"https:\/\/archives.regards.fr\/index.php?rest_route=%2Fwp%2Fv2%2Fcategories&post=3611"},{"taxonomy":"post_tag","embeddable":true,"href":"https:\/\/archives.regards.fr\/index.php?rest_route=%2Fwp%2Fv2%2Ftags&post=3611"}],"curies":[{"name":"wp","href":"https:\/\/api.w.org\/{rel}","templated":true}]}}