{"id":360,"date":"2016-06-01T14:14:10","date_gmt":"2016-06-01T12:14:10","guid":{"rendered":"https:\/\/wp.muchomaas.com\/breve-franz-olivier-giesbert\/"},"modified":"2016-06-01T14:14:10","modified_gmt":"2016-06-01T12:14:10","slug":"breve-franz-olivier-giesbert","status":"publish","type":"post","link":"https:\/\/archives.regards.fr\/?p=360","title":{"rendered":"Franz-Olivier Giesbert"},"content":{"rendered":"<p><em>\u00ab\u00a0La France est soumise aujourd&#8217;hui \u00e0 deux menaces qui, pour \u00eatre diff\u00e9rentes, n&#8217;en mettent pas moins en p\u00e9ril son int\u00e9grit\u00e9 : Daech et la CGT.\u00a0\u00bb <\/em> (Le Point, 01\/06\/2016)<\/p>\n","protected":false},"excerpt":{"rendered":"<p>\u00ab\u00a0La France est soumise aujourd&#8217;hui \u00e0 deux menaces qui, pour \u00eatre diff\u00e9rentes, n&#8217;en mettent pas moins en p\u00e9ril son int\u00e9grit\u00e9 : Daech et la CGT.\u00a0\u00bb (Le Point, 01\/06\/2016)<\/p>\n","protected":false},"author":1,"featured_media":0,"comment_status":"open","ping_status":"open","sticky":false,"template":"","format":"standard","meta":{"_themeisle_gutenberg_block_has_review":false,"footnotes":""},"categories":[284],"tags":[],"class_list":["post-360","post","type-post","status-publish","format-standard","hentry","category-declarama-breves"],"_links":{"self":[{"href":"https:\/\/archives.regards.fr\/index.php?rest_route=\/wp\/v2\/posts\/360","targetHints":{"allow":["GET"]}}],"collection":[{"href":"https:\/\/archives.regards.fr\/index.php?rest_route=\/wp\/v2\/posts"}],"about":[{"href":"https:\/\/archives.regards.fr\/index.php?rest_route=\/wp\/v2\/types\/post"}],"author":[{"embeddable":true,"href":"https:\/\/archives.regards.fr\/index.php?rest_route=\/wp\/v2\/users\/1"}],"replies":[{"embeddable":true,"href":"https:\/\/archives.regards.fr\/index.php?rest_route=%2Fwp%2Fv2%2Fcomments&post=360"}],"version-history":[{"count":0,"href":"https:\/\/archives.regards.fr\/index.php?rest_route=\/wp\/v2\/posts\/360\/revisions"}],"wp:attachment":[{"href":"https:\/\/archives.regards.fr\/index.php?rest_route=%2Fwp%2Fv2%2Fmedia&parent=360"}],"wp:term":[{"taxonomy":"category","embeddable":true,"href":"https:\/\/archives.regards.fr\/index.php?rest_route=%2Fwp%2Fv2%2Fcategories&post=360"},{"taxonomy":"post_tag","embeddable":true,"href":"https:\/\/archives.regards.fr\/index.php?rest_route=%2Fwp%2Fv2%2Ftags&post=360"}],"curies":[{"name":"wp","href":"https:\/\/api.w.org\/{rel}","templated":true}]}}