{"id":3598,"date":"2008-11-20T00:00:00","date_gmt":"2008-11-19T23:00:00","guid":{"rendered":"https:\/\/wp.muchomaas.com\/mobilisation-du-20-novembre3598\/"},"modified":"2008-11-20T00:00:00","modified_gmt":"2008-11-19T23:00:00","slug":"mobilisation-du-20-novembre3598","status":"publish","type":"post","link":"https:\/\/archives.regards.fr\/?p=3598","title":{"rendered":"Mobilisation du 20 novembre"},"content":{"rendered":"<p>Ce jeudi 20 novembre, le secteur de l&#8217;\u00e9ducation est sur le pied de guerre. De l&#8217;\u00e9cole maternelle \u00e0 l&#8217;Universit\u00e9, les syndicats appellent \u00e0 une journ\u00e9e de gr\u00e8ve intercat\u00e9gorielle et \u00e0 participer aux manifestations pr\u00e9vues dans toutes les grandes villes de France. Le cort\u00e8ge parisien partira \u00e0 14h30 de Luxembourg (RER B) au Minist\u00e8re rue de Grenelle, en passant par Port Royal et le boulevard Raspail. <\/p>\n<p>Le large m\u00e9contentemment des personnels de l&#8217;\u00e9ducation laisse pr\u00e9sager une mobilisation tr\u00e8s suivie. Entre les dizaine de milliers de suppressions de postes, les fichiers de surveillance &#8220;base-\u00e9l\u00e8ves&#8221;, les heures suppl\u00e9mentaires, l&#8217;appel d&#8217;offre de &#8220;veille de l&#8217;opinion&#8221;, les r\u00e9formes \u00e0 la va-vite impos\u00e9es sans concertation (lire le communiqu\u00e9 ci-apr\u00e8s), la coupe et pleine. Cette fois-ci, Xavier Darkos ne pourra sans doute pas faire comme si le malaise n&#8217;existait pas&#8230;<\/p>\n<p>Extraits du communiqu\u00e9 commun CGT-SUD Education pour le 20 novembre : <\/p>\n<p><strong> Face \u00e0 la politique de casse de l&#8217;\u00c9ducation : la CGT \u00c9duc&#8217;action et SUD \u00e9ducation appellent \u00e0 la gr\u00e8ve le 20 novembre ! <\/strong><\/p>\n<p>L&#8217;ensemble des r\u00e9formes en cours porte une conception r\u00e9gressive de l&#8217;\u00e9ducation dont les personnels mesurent les d\u00e9g\u00e2ts, notamment depuis cette rentr\u00e9e, dans les \u00e9coles, les \u00e9tablissements secondaires et l&#8217;universit\u00e9.<\/p>\n<p>Le 19 octobre, 80 000 personnes venues de toutes les r\u00e9gions ont exprim\u00e9 leur inqui\u00e9tude dans les rues de Paris. Derri\u00e8re un affichage d&#8217;\u00e9quit\u00e9, ces mesures acc\u00e9l\u00e8rent encore le d\u00e9sengagement de l&#8217;\u00c9tat du service public d&#8217;\u00e9ducation. Cette politique va d\u00e9t\u00e9riorer, profond\u00e9ment et durablement, notre syst\u00e8me \u00e9ducatif. Elle contient tous les ingr\u00e9dients pour que se renforce une \u00e9cole \u00e0 deux vitesses dans une soci\u00e9t\u00e9 min\u00e9e par les injustices et les in\u00e9galit\u00e9s. Ainsi, le projet de loi de finances 2009 pr\u00e9voit 13 500 postes de moins dans l&#8217;\u00c9ducation nationale. Ce budget s&#8217;inscrit dans la continuit\u00e9 de la politique de r\u00e9duction de moyens men\u00e9e depuis plusieurs ann\u00e9es dans l&#8217;ensemble de la fonction publique.<\/p>\n<p>D&#8217;ici 2011, c&#8217;est 90 000 emplois qui seront encore supprim\u00e9s avec les r\u00e9formes structurelles en cours : g\u00e9n\u00e9ralisation du bac professionnel en 3 ans au lieu de 4 ans, mast\u00e9risation de la formation enseignante et suppression des IUFM, r\u00e9forme du lyc\u00e9e(&#8230;).<\/p>\n<p>Dans le primaire et en maternelle, notamment, 6 000 postes seront supprim\u00e9s \u00e0 la rentr\u00e9e 2009, alors que 16 000 \u00e9l\u00e8ves suppl\u00e9mentaires sont attendus. De m\u00eame, l&#8217;annonce du transfert, en 2009, de 3 000 ma\u00eetres sp\u00e9cialis\u00e9s sur les 9 000 exer\u00e7ant dans les r\u00e9seaux d&#8217;aide sp\u00e9cialis\u00e9s pour les \u00e9l\u00e8ves en difficult\u00e9 (RASED) dans des classes ordinaires signe la disparition de l&#8217;enseignement sp\u00e9cialis\u00e9 et par la m\u00eame de la lutte contre l&#8217;\u00e9chec scolaire(&#8230;). Ces choix, \u00e9conomiques et id\u00e9ologiques, repr\u00e9sentent une rupture avec la conception d\u00e9mocratique et r\u00e9publicaine de l&#8217;\u00e9cole.<\/p>\n<p>Ils mettront le service public dans l&#8217;incapacit\u00e9 de remplir ses missions et acc\u00e9l\u00e9reront la mise en place d&#8217;un syst\u00e8me concurrentiel. Les r\u00e9formes engag\u00e9es conduiront \u00e0 une d\u00e9gradation sans pr\u00e9c\u00e9dent des conditions d&#8217;\u00e9tude pour les \u00e9l\u00e8ves et de travail pour les personnels.<\/p>\n<p>Face \u00e0 des attaques qui concernent tous les secteurs du syst\u00e8me \u00e9ducatif et tous les personnels c&#8217;est, tous ensemble, que nous devons r\u00e9pondre : Pour refuser la gestion de la p\u00e9nurie et la r\u00e9gression de notre syst\u00e8me \u00e9ducatif, Pour exiger des moyens et des conditions de travail permettant aux personnels de mettre tous les \u00e9l\u00e8ves en situation de r\u00e9ussite et d&#8217;\u00e9radiquer l&#8217;\u00e9chec scolaire, Pour demander un autre projet d&#8217;\u00e9cole.(&#8230;)<\/p>\n","protected":false},"excerpt":{"rendered":"<p>Ce jeudi 20 novembre, le secteur de l&#8217;\u00e9ducation est sur le pied de guerre. De l&#8217;\u00e9cole maternelle \u00e0 l&#8217;Universit\u00e9, les syndicats appellent \u00e0 une journ\u00e9e de gr\u00e8ve intercat\u00e9gorielle et \u00e0 participer aux manifestations pr\u00e9vues dans toutes les grandes villes de France. Le cort\u00e8ge parisien partira \u00e0 14h30 de Luxembourg (RER B) au Minist\u00e8re rue de [&hellip;]<\/p>\n","protected":false},"author":1,"featured_media":0,"comment_status":"open","ping_status":"open","sticky":false,"template":"","format":"standard","meta":{"_themeisle_gutenberg_block_has_review":false,"footnotes":""},"categories":[141],"tags":[315],"class_list":["post-3598","post","type-post","status-publish","format-standard","hentry","category-archives-web","tag-syndicats"],"_links":{"self":[{"href":"https:\/\/archives.regards.fr\/index.php?rest_route=\/wp\/v2\/posts\/3598","targetHints":{"allow":["GET"]}}],"collection":[{"href":"https:\/\/archives.regards.fr\/index.php?rest_route=\/wp\/v2\/posts"}],"about":[{"href":"https:\/\/archives.regards.fr\/index.php?rest_route=\/wp\/v2\/types\/post"}],"author":[{"embeddable":true,"href":"https:\/\/archives.regards.fr\/index.php?rest_route=\/wp\/v2\/users\/1"}],"replies":[{"embeddable":true,"href":"https:\/\/archives.regards.fr\/index.php?rest_route=%2Fwp%2Fv2%2Fcomments&post=3598"}],"version-history":[{"count":0,"href":"https:\/\/archives.regards.fr\/index.php?rest_route=\/wp\/v2\/posts\/3598\/revisions"}],"wp:attachment":[{"href":"https:\/\/archives.regards.fr\/index.php?rest_route=%2Fwp%2Fv2%2Fmedia&parent=3598"}],"wp:term":[{"taxonomy":"category","embeddable":true,"href":"https:\/\/archives.regards.fr\/index.php?rest_route=%2Fwp%2Fv2%2Fcategories&post=3598"},{"taxonomy":"post_tag","embeddable":true,"href":"https:\/\/archives.regards.fr\/index.php?rest_route=%2Fwp%2Fv2%2Ftags&post=3598"}],"curies":[{"name":"wp","href":"https:\/\/api.w.org\/{rel}","templated":true}]}}