{"id":3576,"date":"2008-03-01T00:00:00","date_gmt":"2008-02-29T23:00:00","guid":{"rendered":"https:\/\/wp.muchomaas.com\/retention-de-surete-entretien-avec3576\/"},"modified":"2008-03-01T00:00:00","modified_gmt":"2008-02-29T23:00:00","slug":"retention-de-surete-entretien-avec3576","status":"publish","type":"post","link":"https:\/\/archives.regards.fr\/?p=3576","title":{"rendered":"R\u00e9tention de s\u00fbret\u00e9. Entretien avec Dominique Rousseau* : \u00ab C&#8217;est une mesure digne d&#8217;un r\u00e9gime autoritaire \u00bb"},"content":{"rendered":"<p class=\"post_excerpt\"> Qu&#8217;est-ce qu&#8217;une \u00ab particuli\u00e8re dangerosit\u00e9 \u00bb ou \u00ab une probabilit\u00e9 tr\u00e8s \u00e9lev\u00e9e de r\u00e9cidive \u00bb ? On est en plein virtuel. Des formules peu claires du texte de loi laissent la voie ouverte \u00e0 l&#8217;arbitraire. La parole \u00e0 un sp\u00e9cialiste du droit public.  <\/p>\n<p><em> Cet entretien a \u00e9t\u00e9 r\u00e9alis\u00e9 avant la d\u00e9cision du Conseil Constitutionnel. <\/em><\/p>\n<p><strong> La loi sur la r\u00e9tention de s\u00fbret\u00e9 a \u00e9t\u00e9 d\u00e9finitivement adopt\u00e9e. Quel est votre sentiment g\u00e9n\u00e9ral sur ce texte de loi ?  <\/strong><\/p>\n<p>Dominique Rousseau. Cette loi heurte de front et violemment des principes de droit les plus fondamentaux, qui ne sont pas seulement ceux de la France, mais maintenant de toute la tradition p\u00e9nale europ\u00e9enne. Donc, ce n&#8217;est pas simplement une atteinte mineure, minime, qui \u00e9gratignerait quelques principes, c&#8217;est un renversement total de tous les principes sur lesquels le droit p\u00e9nal s&#8217;est construit : \u00e0 savoir que l&#8217;on ne peut \u00eatre puni que pour des actes que l&#8217;on a commis et qui peuvent nous \u00eatre imputables.<\/p>\n<p><strong> Lors des d\u00e9bats, plusieurs parlementaires ont admis que ce texte de loi violait des principes constitutionnels. Mais ils disaient prendre le risque, au regard du \u00ab risque encouru par les victimes \u00bb. Que vous inspirent de tels propos ?  <\/strong><\/p>\n<p>D.R. C&#8217;est tr\u00e8s grave. Une Constitution, c&#8217;est ce qui exprime la souverainet\u00e9 du peuple et qui impose aux \u00e9lus un cadre d&#8217;exercice du pouvoir. La diff\u00e9rence entre un r\u00e9gime arbitraire et un r\u00e9gime constitutionnel, c&#8217;est que dans un r\u00e9gime arbitraire, les \u00e9lus font ce qu&#8217;ils veulent, dans un r\u00e9gime constitutionnel, les \u00e9lus font ce que la Constitution leur permet de faire. Il est tr\u00e8s grave pour le fonctionnement d&#8217;un r\u00e9gime et pour l&#8217;esprit civique que des \u00e9lus disent \u00ab je sais que mes propositions sortent du cadre constitutionnel, voulu par le peuple, mais je prends le risque de sortir de ce cadre \u00bb. <\/p>\n<p><strong> Selon Rachida Dati, la r\u00e9tention de s\u00fbret\u00e9 ne serait pas une peine mais une \u00ab mesure de s\u00fbret\u00e9 \u00bb ne souffrant pas des r\u00e8gles de droit p\u00e9nal. Qu&#8217;en pensez-vous ?  <\/strong><\/p>\n<p>D.R. La personne \u00e0 qui sera impos\u00e9e cette mesure sera enferm\u00e9e dans une enceinte m\u00e9dico-judiciaire. Elle sera gard\u00e9e par un personnel p\u00e9nitentiaire et sa garde est pr\u00e9vue pour une dur\u00e9e ind\u00e9termin\u00e9e. Par cons\u00e9quent, ces trois \u00e9l\u00e9ments : enfermement, garde, dur\u00e9e : en font une mesure de privation de libert\u00e9, \u00e0 la diff\u00e9rence du bracelet \u00e9lectronique, qui a pu \u00eatre qualifi\u00e9 de \u00ab modalit\u00e9 d&#8217;ex\u00e9cution de la peine \u00bb, parce qu&#8217;il intervient \u00e0 l&#8217;int\u00e9rieur de la dur\u00e9e de la peine. Quelle que que soit la qualification juridique, il s&#8217;agit en tout \u00e9tat de cause d&#8217;une mesure qui rel\u00e8ve du droit p\u00e9nal et donc soumise au n\u00e9cessaire respect des articles 8 et 9 de la D\u00e9claration des droits de l&#8217;homme et du citoyen. La mesure de s\u00fbret\u00e9, appelez-la comme vous voulez, c&#8217;est une mesure de privation de libert\u00e9. Et en tant que mesure de privation de libert\u00e9, elle doit \u00eatre pr\u00e9vue, organis\u00e9e par le l\u00e9gislateur et \u00e9videmment prononc\u00e9e par un juge. Et quand je dis que cette mesure est redevable de tous les principes du droit p\u00e9nal, elle est redevable \u00e9videmment du principe de la l\u00e9galit\u00e9 des d\u00e9lits et des peines et du principe de la n\u00e9cessit\u00e9 des peines. Or, ce n&#8217;est pas une mesure n\u00e9cessaire puisqu&#8217;il existe d\u00e9j\u00e0 toute une panoplie de mesures qui sont de nature \u00e0 r\u00e9pondre \u00e0 l&#8217;objectif d&#8217;\u00e9viter la r\u00e9cidive : le suivi socio-judiciaire, l&#8217;injonction de soins, la surveillance judiciaire, le fameux bracelet \u00e9lectronique.<\/p>\n<p><strong> Cette loi arrive peu de temps apr\u00e8s l&#8217;adoption des peines planchers, qui avaient \u00e9t\u00e9 d\u00e9fendues au nom de la lutte contre la r\u00e9cidive. Aujourd&#8217;hui, la majorit\u00e9 d\u00e9fend la r\u00e9tention de s\u00fbret\u00e9 avec l&#8217;id\u00e9e selon laquelle, pour une certaine cat\u00e9gorie de criminels, au regard de leur dangerosit\u00e9, on ne peut plus rien faire pour eux, hormis l&#8217;enfermement.  <\/strong><\/p>\n<p>D.R. C&#8217;est encore une autre question, qui rel\u00e8ve du principe constitutionnel de l&#8217;intelligibilit\u00e9 de la loi. Le texte dit qu&#8217;on pourra prononcer une mesure de r\u00e9tention \u00e0 l&#8217;encontre de personnes dont \u00ab il est \u00e9tabli, \u00e0 l&#8217;issue d&#8217;un r\u00e9examen de leur situation intervenant \u00e0 la fin de l&#8217;ex\u00e9cution de leur peine, qu&#8217;elles pr\u00e9sentent une particuli\u00e8re dangerosit\u00e9 caract\u00e9ris\u00e9e par une probabilit\u00e9 tr\u00e8s \u00e9lev\u00e9e de r\u00e9cidive parce qu&#8217;elles souffrent d&#8217;un trouble grave de la personnalit\u00e9 \u00bb. Ce qu&#8217;on peut reprocher \u00e0 ces phrases, c&#8217;est de ne pas \u00eatre claires. Qu&#8217;est-ce qu&#8217;une \u00ab particuli\u00e8re dangerosit\u00e9 \u00bb ? Qu&#8217;est-ce que la \u00ab probabilit\u00e9 tr\u00e8s \u00e9lev\u00e9e \u00bb de r\u00e9cidive ? Nous sommes dans le virtuel ! <\/p>\n<p><strong> Serait-il correct ou abusif de qualifier cette mesure de digne d&#8217;un r\u00e9gime autoritaire ?  <\/strong><\/p>\n<p>D.R. C&#8217;est une mesure digne d&#8217;un r\u00e9gime autoritaire et c&#8217;est bien pour cela que je dis que cette loi n&#8217;\u00e9gratigne pas seulement des principes, elle renverse des principes sur lesquels se fonde le droit p\u00e9nal. Propos recueillis par E.C.<\/p>\n<p>* Dominique Rousseau est professeur de droit public \u00e0 Montpellier-I<\/p>\n<p><em> Regards <\/em> n\u00b049, Mars 2008<\/p>\n","protected":false},"excerpt":{"rendered":"<p> Qu&#8217;est-ce qu&#8217;une \u00ab particuli\u00e8re dangerosit\u00e9 \u00bb ou \u00ab une probabilit\u00e9 tr\u00e8s \u00e9lev\u00e9e de r\u00e9cidive \u00bb ? On est en plein virtuel. Des formules peu claires du texte de loi laissent la voie ouverte \u00e0 l&#8217;arbitraire. La parole \u00e0 un sp\u00e9cialiste du droit public.  <\/p>\n","protected":false},"author":527,"featured_media":0,"comment_status":"open","ping_status":"open","sticky":false,"template":"","format":"standard","meta":{"_themeisle_gutenberg_block_has_review":false,"footnotes":""},"categories":[141],"tags":[316],"class_list":["post-3576","post","type-post","status-publish","format-standard","hentry","category-archives-web","tag-securitaire"],"_links":{"self":[{"href":"https:\/\/archives.regards.fr\/index.php?rest_route=\/wp\/v2\/posts\/3576","targetHints":{"allow":["GET"]}}],"collection":[{"href":"https:\/\/archives.regards.fr\/index.php?rest_route=\/wp\/v2\/posts"}],"about":[{"href":"https:\/\/archives.regards.fr\/index.php?rest_route=\/wp\/v2\/types\/post"}],"author":[{"embeddable":true,"href":"https:\/\/archives.regards.fr\/index.php?rest_route=\/wp\/v2\/users\/527"}],"replies":[{"embeddable":true,"href":"https:\/\/archives.regards.fr\/index.php?rest_route=%2Fwp%2Fv2%2Fcomments&post=3576"}],"version-history":[{"count":0,"href":"https:\/\/archives.regards.fr\/index.php?rest_route=\/wp\/v2\/posts\/3576\/revisions"}],"wp:attachment":[{"href":"https:\/\/archives.regards.fr\/index.php?rest_route=%2Fwp%2Fv2%2Fmedia&parent=3576"}],"wp:term":[{"taxonomy":"category","embeddable":true,"href":"https:\/\/archives.regards.fr\/index.php?rest_route=%2Fwp%2Fv2%2Fcategories&post=3576"},{"taxonomy":"post_tag","embeddable":true,"href":"https:\/\/archives.regards.fr\/index.php?rest_route=%2Fwp%2Fv2%2Ftags&post=3576"}],"curies":[{"name":"wp","href":"https:\/\/api.w.org\/{rel}","templated":true}]}}