{"id":3558,"date":"2008-11-01T00:00:00","date_gmt":"2008-10-31T23:00:00","guid":{"rendered":"https:\/\/wp.muchomaas.com\/postcapitalisme-pour-une3558\/"},"modified":"2008-11-01T00:00:00","modified_gmt":"2008-10-31T23:00:00","slug":"postcapitalisme-pour-une3558","status":"publish","type":"post","link":"https:\/\/archives.regards.fr\/?p=3558","title":{"rendered":"Postcapitalisme.  \u00ab Pour une protection humaine \u00bb par Jean-Marie Harribey"},"content":{"rendered":"<p class=\"post_excerpt\"> Les gouvernants, les financiers, leurs \u00e9conomistes <\/p>\n<p> ayant clam\u00e9 durant trois d\u00e9cennies les vertus du march\u00e9 p\u00e9rorent aujourd&#8217;hui sur la n\u00e9cessit\u00e9 de r\u00e9guler et de moraliser le capitalisme. Nul ne sait si le plan Paulson adopt\u00e9 aux Etats-Unis r\u00e9ussira \u00e0 colmater les br\u00e8ches d&#8217;un secteur bancaire et financier \u00e0 la d\u00e9rive. Quant \u00e0 l&#8217;Europe, engonc\u00e9e dans son orientation n\u00e9olib\u00e9rale, elle cache mal son impuissance. <\/p>\n<p>Ce que les gouvernements et les \u00e9conomistes lib\u00e9raux s&#8217;efforcent de dissimuler, c&#8217;est que la crise plonge ses racines dans la structure m\u00eame du capitalisme n\u00e9olib\u00e9ral qui s&#8217;est impos\u00e9 depuis trente ans. Le ma\u00eetre mot fut la restauration des profits, aux d\u00e9pens des salaires, qui ont nourri une consommation extravagante des classes bourgeoises et des placements gr\u00e2ce \u00e0 des produits financiers de plus en plus nombreux et sophistiqu\u00e9s, dont l&#8217;utilisation \u00e9tait d&#8217;autant plus ais\u00e9e que le cr\u00e9dit \u00e9tait abondant. Mais les plus-values boursi\u00e8res ne peuvent durablement se d\u00e9velopper que sur fond de plus-value croissante extorqu\u00e9e aux travailleurs.<\/p>\n<p><strong> Aussi, les alternatives au capitalisme <\/strong> que l&#8217;on peut dessiner s&#8217;inscrivent-elles radicalement \u00e0 l&#8217;oppos\u00e9 du mod\u00e8le de d\u00e9veloppement impos\u00e9 par le syst\u00e8me aujourd&#8217;hui dominant dans le monde entier. La crise globale du capitalisme globalis\u00e9 n&#8217;est pas un accident \u00ab moral \u00bb, car ce sont les conditions de la vie en soci\u00e9t\u00e9 qui sont mises en danger. Pour \u00e9viter le retour r\u00e9current des crises, il faut agir \u00e0 trois niveaux pour une protection humaine.<\/p>\n<p>Au niveau financier : puisque la finance dispose d&#8217;une totale libert\u00e9 de circuler, d&#8217;organiser des march\u00e9s sp\u00e9culatifs et de transiter par les paradis fiscaux, il faut r\u00e9tablir des contr\u00f4les stricts sur les mouvements de capitaux, notamment par des taxes, interdire la titrisation et les march\u00e9s de produits d\u00e9riv\u00e9s, supprimer les paradis fiscaux et placer les principaux p\u00f4les du secteur bancaire sous contr\u00f4le public sans attendre leur faillite.<\/p>\n<p><strong> Au niveau social : <\/strong> puisque la financiarisation a surf\u00e9 sur la d\u00e9gradation de la condition salariale, proposons d&#8217;inscrire dans la Constitution que le suppl\u00e9ment de richesse qui va aux travailleurs (salaires, temps de travail, protection sociale, besoins sociaux, etc.) ne soit jamais inf\u00e9rieur aux gains de productivit\u00e9, d&#8217;instaurer un revenu maximum, au-del\u00e0 duquel une fiscalit\u00e9 progressive drastique soit appliqu\u00e9e, et de faire de la souverainet\u00e9 alimentaire pour tous les peuples un droit fondamental.<\/p>\n<p><strong> Au niveau \u00e9cologique : <\/strong> puisque toutes les activit\u00e9s humaines et la gestion de la plan\u00e8te \u00e9taient destin\u00e9es par le n\u00e9olib\u00e9ralisme \u00e0 \u00eatre confi\u00e9es au march\u00e9, instaurons un d\u00e9bat d\u00e9mocratique pour que tous les \u00e9l\u00e9ments essentiels \u00e0 la vie (air, eau, ressources non renouvelables, climat, connaissances, etc.) soient consid\u00e9r\u00e9s comme biens publics inali\u00e9nables, dont toute d\u00e9gradation devra \u00eatre pr\u00e9venue ou r\u00e9par\u00e9e par des taxes sp\u00e9cifiques. Un programme d&#8217;\u00e9nergies renouvelables doit enfin \u00eatre imm\u00e9diatement mis en chantier en Europe. A ces conditions, qui ouvrent la voie \u00e0 un d\u00e9passement du capitalisme, la lutte pour l&#8217;\u00e9mancipation humaine pourra se poursuivre. <\/p>\n<p>Jean-Marie Harribey est \u00e9conomiste, membre du Conseil scientifique d&#8217;Attac et de la Fondation Copernic. Il a co-\u00e9crit<em> Le D\u00e9veloppement en question(s) <\/em>, PU Bordeaux, 2006<\/p>\n<p>Paru dans<em> Regards <\/em> n\u00b056, Novembre 2008<\/p>\n","protected":false},"excerpt":{"rendered":"<p> Les gouvernants, les financiers, leurs \u00e9conomistes <\/p>\n","protected":false},"author":1,"featured_media":0,"comment_status":"open","ping_status":"open","sticky":false,"template":"","format":"standard","meta":{"_themeisle_gutenberg_block_has_review":false,"footnotes":""},"categories":[141],"tags":[330],"class_list":["post-3558","post","type-post","status-publish","format-standard","hentry","category-archives-web","tag-postcapitalisme"],"_links":{"self":[{"href":"https:\/\/archives.regards.fr\/index.php?rest_route=\/wp\/v2\/posts\/3558","targetHints":{"allow":["GET"]}}],"collection":[{"href":"https:\/\/archives.regards.fr\/index.php?rest_route=\/wp\/v2\/posts"}],"about":[{"href":"https:\/\/archives.regards.fr\/index.php?rest_route=\/wp\/v2\/types\/post"}],"author":[{"embeddable":true,"href":"https:\/\/archives.regards.fr\/index.php?rest_route=\/wp\/v2\/users\/1"}],"replies":[{"embeddable":true,"href":"https:\/\/archives.regards.fr\/index.php?rest_route=%2Fwp%2Fv2%2Fcomments&post=3558"}],"version-history":[{"count":0,"href":"https:\/\/archives.regards.fr\/index.php?rest_route=\/wp\/v2\/posts\/3558\/revisions"}],"wp:attachment":[{"href":"https:\/\/archives.regards.fr\/index.php?rest_route=%2Fwp%2Fv2%2Fmedia&parent=3558"}],"wp:term":[{"taxonomy":"category","embeddable":true,"href":"https:\/\/archives.regards.fr\/index.php?rest_route=%2Fwp%2Fv2%2Fcategories&post=3558"},{"taxonomy":"post_tag","embeddable":true,"href":"https:\/\/archives.regards.fr\/index.php?rest_route=%2Fwp%2Fv2%2Ftags&post=3558"}],"curies":[{"name":"wp","href":"https:\/\/api.w.org\/{rel}","templated":true}]}}