{"id":355,"date":"2016-05-23T10:16:30","date_gmt":"2016-05-23T08:16:30","guid":{"rendered":"https:\/\/wp.muchomaas.com\/breve-najat-vallaud-belkacem\/"},"modified":"2016-05-23T10:16:30","modified_gmt":"2016-05-23T08:16:30","slug":"breve-najat-vallaud-belkacem","status":"publish","type":"post","link":"https:\/\/archives.regards.fr\/?p=355","title":{"rendered":"Najat Vallaud-Belkacem"},"content":{"rendered":"<p><em>\u00ab\u00a0Un responsable politique au sommet de l&#8217;\u00c9tat (\u2026) a un peu un r\u00f4le \u00e9quivalent \u00e0 ce que peut avoir un p\u00e8re de famille ou une m\u00e8re de famille \u00e0 l&#8217;\u00e9gard de ses enfants.\u00a0\u00bb<\/em> (France Culture, 23\/05)<\/p>\n","protected":false},"excerpt":{"rendered":"<p>\u00ab\u00a0Un responsable politique au sommet de l&#8217;\u00c9tat (\u2026) a un peu un r\u00f4le \u00e9quivalent \u00e0 ce que peut avoir un p\u00e8re de famille ou une m\u00e8re de famille \u00e0 l&#8217;\u00e9gard de ses enfants.\u00a0\u00bb (France Culture, 23\/05)<\/p>\n","protected":false},"author":1,"featured_media":0,"comment_status":"open","ping_status":"open","sticky":false,"template":"","format":"standard","meta":{"_themeisle_gutenberg_block_has_review":false,"footnotes":""},"categories":[284],"tags":[],"class_list":["post-355","post","type-post","status-publish","format-standard","hentry","category-declarama-breves"],"_links":{"self":[{"href":"https:\/\/archives.regards.fr\/index.php?rest_route=\/wp\/v2\/posts\/355","targetHints":{"allow":["GET"]}}],"collection":[{"href":"https:\/\/archives.regards.fr\/index.php?rest_route=\/wp\/v2\/posts"}],"about":[{"href":"https:\/\/archives.regards.fr\/index.php?rest_route=\/wp\/v2\/types\/post"}],"author":[{"embeddable":true,"href":"https:\/\/archives.regards.fr\/index.php?rest_route=\/wp\/v2\/users\/1"}],"replies":[{"embeddable":true,"href":"https:\/\/archives.regards.fr\/index.php?rest_route=%2Fwp%2Fv2%2Fcomments&post=355"}],"version-history":[{"count":0,"href":"https:\/\/archives.regards.fr\/index.php?rest_route=\/wp\/v2\/posts\/355\/revisions"}],"wp:attachment":[{"href":"https:\/\/archives.regards.fr\/index.php?rest_route=%2Fwp%2Fv2%2Fmedia&parent=355"}],"wp:term":[{"taxonomy":"category","embeddable":true,"href":"https:\/\/archives.regards.fr\/index.php?rest_route=%2Fwp%2Fv2%2Fcategories&post=355"},{"taxonomy":"post_tag","embeddable":true,"href":"https:\/\/archives.regards.fr\/index.php?rest_route=%2Fwp%2Fv2%2Ftags&post=355"}],"curies":[{"name":"wp","href":"https:\/\/api.w.org\/{rel}","templated":true}]}}