{"id":33829,"date":"2023-05-11T16:11:48","date_gmt":"2023-05-11T14:11:48","guid":{"rendered":"https:\/\/wp.muchomaas.com\/breve-emmanuel-macron-au-sujet-des-opposants-a-sa-reforme-des-retraites\/"},"modified":"2023-05-11T16:11:48","modified_gmt":"2023-05-11T14:11:48","slug":"breve-emmanuel-macron-au-sujet-des-opposants-a-sa-reforme-des-retraites","status":"publish","type":"post","link":"https:\/\/archives.regards.fr\/?p=33829","title":{"rendered":"Emmanuel Macron, au sujet des opposants \u00e0 sa r\u00e9forme des retraites"},"content":{"rendered":"<p><em>\u00ab [Ils] sont dans le d\u00e9ni de r\u00e9alit\u00e9, c&#8217;est d&#8217;ailleurs leur terreau. Ils ont une lourde responsabilit\u00e9 car ils pr\u00e9parent ainsi l&#8217;arriv\u00e9e au pouvoir des extr\u00eames. \u00bb<\/em> (10\/05\/2023, <em>Challenges<\/em>)<\/p>\n","protected":false},"excerpt":{"rendered":"<p>\u00ab [Ils] sont dans le d\u00e9ni de r\u00e9alit\u00e9, c&#8217;est d&#8217;ailleurs leur terreau. Ils ont une lourde responsabilit\u00e9 car ils pr\u00e9parent ainsi l&#8217;arriv\u00e9e au pouvoir des extr\u00eames. \u00bb (10\/05\/2023, Challenges)<\/p>\n","protected":false},"author":1,"featured_media":0,"comment_status":"open","ping_status":"open","sticky":false,"template":"","format":"standard","meta":{"_themeisle_gutenberg_block_has_review":false,"footnotes":""},"categories":[284],"tags":[],"class_list":["post-33829","post","type-post","status-publish","format-standard","hentry","category-declarama-breves"],"_links":{"self":[{"href":"https:\/\/archives.regards.fr\/index.php?rest_route=\/wp\/v2\/posts\/33829","targetHints":{"allow":["GET"]}}],"collection":[{"href":"https:\/\/archives.regards.fr\/index.php?rest_route=\/wp\/v2\/posts"}],"about":[{"href":"https:\/\/archives.regards.fr\/index.php?rest_route=\/wp\/v2\/types\/post"}],"author":[{"embeddable":true,"href":"https:\/\/archives.regards.fr\/index.php?rest_route=\/wp\/v2\/users\/1"}],"replies":[{"embeddable":true,"href":"https:\/\/archives.regards.fr\/index.php?rest_route=%2Fwp%2Fv2%2Fcomments&post=33829"}],"version-history":[{"count":0,"href":"https:\/\/archives.regards.fr\/index.php?rest_route=\/wp\/v2\/posts\/33829\/revisions"}],"wp:attachment":[{"href":"https:\/\/archives.regards.fr\/index.php?rest_route=%2Fwp%2Fv2%2Fmedia&parent=33829"}],"wp:term":[{"taxonomy":"category","embeddable":true,"href":"https:\/\/archives.regards.fr\/index.php?rest_route=%2Fwp%2Fv2%2Fcategories&post=33829"},{"taxonomy":"post_tag","embeddable":true,"href":"https:\/\/archives.regards.fr\/index.php?rest_route=%2Fwp%2Fv2%2Ftags&post=33829"}],"curies":[{"name":"wp","href":"https:\/\/api.w.org\/{rel}","templated":true}]}}