{"id":33824,"date":"2023-03-22T10:26:54","date_gmt":"2023-03-22T09:26:54","guid":{"rendered":"https:\/\/wp.muchomaas.com\/breve-gerald-darmanin-763\/"},"modified":"2023-03-22T10:26:54","modified_gmt":"2023-03-22T09:26:54","slug":"breve-gerald-darmanin-763","status":"publish","type":"post","link":"https:\/\/archives.regards.fr\/?p=33824","title":{"rendered":"G\u00e9rald Darmanin"},"content":{"rendered":"<p><em>\u00ab \u00catre dans une manifestation non d\u00e9clar\u00e9e, c&#8217;est un d\u00e9lit. \u00bb<\/em> (22\/03\/2023, <em>Le Parisien<\/em>)<\/p>\n","protected":false},"excerpt":{"rendered":"<p>\u00ab \u00catre dans une manifestation non d\u00e9clar\u00e9e, c&#8217;est un d\u00e9lit. \u00bb (22\/03\/2023, Le Parisien)<\/p>\n","protected":false},"author":1,"featured_media":0,"comment_status":"open","ping_status":"open","sticky":false,"template":"","format":"standard","meta":{"_themeisle_gutenberg_block_has_review":false,"footnotes":""},"categories":[284],"tags":[],"class_list":["post-33824","post","type-post","status-publish","format-standard","hentry","category-declarama-breves"],"_links":{"self":[{"href":"https:\/\/archives.regards.fr\/index.php?rest_route=\/wp\/v2\/posts\/33824","targetHints":{"allow":["GET"]}}],"collection":[{"href":"https:\/\/archives.regards.fr\/index.php?rest_route=\/wp\/v2\/posts"}],"about":[{"href":"https:\/\/archives.regards.fr\/index.php?rest_route=\/wp\/v2\/types\/post"}],"author":[{"embeddable":true,"href":"https:\/\/archives.regards.fr\/index.php?rest_route=\/wp\/v2\/users\/1"}],"replies":[{"embeddable":true,"href":"https:\/\/archives.regards.fr\/index.php?rest_route=%2Fwp%2Fv2%2Fcomments&post=33824"}],"version-history":[{"count":0,"href":"https:\/\/archives.regards.fr\/index.php?rest_route=\/wp\/v2\/posts\/33824\/revisions"}],"wp:attachment":[{"href":"https:\/\/archives.regards.fr\/index.php?rest_route=%2Fwp%2Fv2%2Fmedia&parent=33824"}],"wp:term":[{"taxonomy":"category","embeddable":true,"href":"https:\/\/archives.regards.fr\/index.php?rest_route=%2Fwp%2Fv2%2Fcategories&post=33824"},{"taxonomy":"post_tag","embeddable":true,"href":"https:\/\/archives.regards.fr\/index.php?rest_route=%2Fwp%2Fv2%2Ftags&post=33824"}],"curies":[{"name":"wp","href":"https:\/\/api.w.org\/{rel}","templated":true}]}}