{"id":33819,"date":"2022-12-08T12:42:48","date_gmt":"2022-12-08T11:42:48","guid":{"rendered":"https:\/\/wp.muchomaas.com\/breve-emmanuel-macron-754\/"},"modified":"2022-12-08T12:42:48","modified_gmt":"2022-12-08T11:42:48","slug":"breve-emmanuel-macron-754","status":"publish","type":"post","link":"https:\/\/archives.regards.fr\/?p=33819","title":{"rendered":"Emmanuel Macron"},"content":{"rendered":"<p><em>\u00ab J\u2019ai re\u00e7u mandat de reculer l\u2019\u00e2ge l\u00e9gal [de d\u00e9part \u00e0 la retraite] \u00e0 65 ans. \u00bb<\/em> (08\/12\/2022, <em>Le Parisien<\/em>)<\/p>\n","protected":false},"excerpt":{"rendered":"<p>\u00ab J\u2019ai re\u00e7u mandat de reculer l\u2019\u00e2ge l\u00e9gal [de d\u00e9part \u00e0 la retraite] \u00e0 65 ans. \u00bb (08\/12\/2022, Le Parisien)<\/p>\n","protected":false},"author":1,"featured_media":0,"comment_status":"open","ping_status":"open","sticky":false,"template":"","format":"standard","meta":{"_themeisle_gutenberg_block_has_review":false,"footnotes":""},"categories":[284],"tags":[],"class_list":["post-33819","post","type-post","status-publish","format-standard","hentry","category-declarama-breves"],"_links":{"self":[{"href":"https:\/\/archives.regards.fr\/index.php?rest_route=\/wp\/v2\/posts\/33819","targetHints":{"allow":["GET"]}}],"collection":[{"href":"https:\/\/archives.regards.fr\/index.php?rest_route=\/wp\/v2\/posts"}],"about":[{"href":"https:\/\/archives.regards.fr\/index.php?rest_route=\/wp\/v2\/types\/post"}],"author":[{"embeddable":true,"href":"https:\/\/archives.regards.fr\/index.php?rest_route=\/wp\/v2\/users\/1"}],"replies":[{"embeddable":true,"href":"https:\/\/archives.regards.fr\/index.php?rest_route=%2Fwp%2Fv2%2Fcomments&post=33819"}],"version-history":[{"count":0,"href":"https:\/\/archives.regards.fr\/index.php?rest_route=\/wp\/v2\/posts\/33819\/revisions"}],"wp:attachment":[{"href":"https:\/\/archives.regards.fr\/index.php?rest_route=%2Fwp%2Fv2%2Fmedia&parent=33819"}],"wp:term":[{"taxonomy":"category","embeddable":true,"href":"https:\/\/archives.regards.fr\/index.php?rest_route=%2Fwp%2Fv2%2Fcategories&post=33819"},{"taxonomy":"post_tag","embeddable":true,"href":"https:\/\/archives.regards.fr\/index.php?rest_route=%2Fwp%2Fv2%2Ftags&post=33819"}],"curies":[{"name":"wp","href":"https:\/\/api.w.org\/{rel}","templated":true}]}}