{"id":33782,"date":"2021-01-14T10:12:52","date_gmt":"2021-01-14T09:12:52","guid":{"rendered":"https:\/\/wp.muchomaas.com\/breve-stanislas-guerini-delegue-general-de-lrem-a-propos-du-couvre-feu-a-18h\/"},"modified":"2021-01-14T10:12:52","modified_gmt":"2021-01-14T09:12:52","slug":"breve-stanislas-guerini-delegue-general-de-lrem-a-propos-du-couvre-feu-a-18h","status":"publish","type":"post","link":"https:\/\/archives.regards.fr\/?p=33782","title":{"rendered":"Stanislas Guerini, d\u00e9l\u00e9gu\u00e9 g\u00e9n\u00e9ral de LREM, \u00e0 propos du couvre-feu \u00e0 18h"},"content":{"rendered":"<p><em>\u00ab L&#8217;int\u00e9r\u00eat, c&#8217;est de contrer &#8220;l&#8217;effet ap\u00e9ro&#8221;. \u00bb<\/em> (14\/01\/2021, franceinfo)<\/p>\n","protected":false},"excerpt":{"rendered":"<p>\u00ab L&#8217;int\u00e9r\u00eat, c&#8217;est de contrer &#8220;l&#8217;effet ap\u00e9ro&#8221;. \u00bb (14\/01\/2021, franceinfo)<\/p>\n","protected":false},"author":1,"featured_media":0,"comment_status":"open","ping_status":"open","sticky":false,"template":"","format":"standard","meta":{"_themeisle_gutenberg_block_has_review":false,"footnotes":""},"categories":[284],"tags":[],"class_list":["post-33782","post","type-post","status-publish","format-standard","hentry","category-declarama-breves"],"_links":{"self":[{"href":"https:\/\/archives.regards.fr\/index.php?rest_route=\/wp\/v2\/posts\/33782","targetHints":{"allow":["GET"]}}],"collection":[{"href":"https:\/\/archives.regards.fr\/index.php?rest_route=\/wp\/v2\/posts"}],"about":[{"href":"https:\/\/archives.regards.fr\/index.php?rest_route=\/wp\/v2\/types\/post"}],"author":[{"embeddable":true,"href":"https:\/\/archives.regards.fr\/index.php?rest_route=\/wp\/v2\/users\/1"}],"replies":[{"embeddable":true,"href":"https:\/\/archives.regards.fr\/index.php?rest_route=%2Fwp%2Fv2%2Fcomments&post=33782"}],"version-history":[{"count":0,"href":"https:\/\/archives.regards.fr\/index.php?rest_route=\/wp\/v2\/posts\/33782\/revisions"}],"wp:attachment":[{"href":"https:\/\/archives.regards.fr\/index.php?rest_route=%2Fwp%2Fv2%2Fmedia&parent=33782"}],"wp:term":[{"taxonomy":"category","embeddable":true,"href":"https:\/\/archives.regards.fr\/index.php?rest_route=%2Fwp%2Fv2%2Fcategories&post=33782"},{"taxonomy":"post_tag","embeddable":true,"href":"https:\/\/archives.regards.fr\/index.php?rest_route=%2Fwp%2Fv2%2Ftags&post=33782"}],"curies":[{"name":"wp","href":"https:\/\/api.w.org\/{rel}","templated":true}]}}