{"id":3378,"date":"2004-09-01T00:00:00","date_gmt":"2004-08-31T22:00:00","guid":{"rendered":"https:\/\/wp.muchomaas.com\/faites-entrer-l-accuse-chapeau-mou3378\/"},"modified":"2004-09-01T00:00:00","modified_gmt":"2004-08-31T22:00:00","slug":"faites-entrer-l-accuse-chapeau-mou3378","status":"publish","type":"post","link":"https:\/\/archives.regards.fr\/?p=3378","title":{"rendered":"FAITES ENTRER L&#8217;ACCUS\u00c9 : Chapeau mou et manteau de cuir"},"content":{"rendered":"<p>Vous \u00eates-vous passionn\u00e9 pour l&#8217;affaire Gr\u00e9gory ? Avez-vous frissonn\u00e9 au r\u00e9cit des crimes de Marc Dutroux ? Br\u00fblez-vous de revoir la randonn\u00e9e meurtri\u00e8re de Florence Rey et d&#8217;Audry Maupin ? Alors \u00ab Faites entrer l&#8217;accus\u00e9 \u00bb est pour vous.<\/p>\n<p>Il y a eu les Histoires de Tacite, les Contes de Perrault, les Fables de La Fontaine, les aventures de Tintin&#8230; il y a aujourd&#8217;hui les crimes du jeudi soir, sur France 2. Sur un th\u00e8me a priori racoleur (sang, meurtre, viol, p\u00e9dophilie, etc.), il n&#8217;\u00e9tait pas \u00e9vident d&#8217;\u00e9viter les \u00e9cueils et de conserver une dignit\u00e9 \u00ab inh\u00e9rente \u00e0 la mission du service public \u00bb (fermez le ban). Mais le plus grand int\u00e9r\u00eat de \u00ab Faites entrer l&#8217;accus\u00e9 \u00bb r\u00e9side autant dans sa sc\u00e9nographie que dans les sujets trait\u00e9s.<\/p>\n<p>Car finalement, que nous r\u00e9v\u00e8lent ces \u00ab grandes \u00bb affaires : Guy Georges, Pierre Chanal, Thierrry Paulin, Francis Heaulme, Roberto Succo : auxquelles l&#8217;\u00e9mission s&#8217;attaque ? Que les assassins les plus prolixes roulent souvent sur la jante et que, plus que d&#8217;enfermement, ils ont surtout besoin qu&#8217;on les prot\u00e8ge d&#8217;eux-m\u00eames et de leur enfance ? Rien de nouveau dans les lucarnes&#8230; mais d&#8217;autres enqu\u00eates, moins attendues, sont bien plus captivantes : comment ne pas \u00eatre \u00e9bahi par le culot de Spaggiari, r\u00e9volt\u00e9 devant l&#8217;innocence guillotin\u00e9e de Ranucci et celle, trop tard reconnue, de Patrick Dils ?<\/p>\n<p>Le traitement des dossiers est d&#8217;une qualit\u00e9 sensiblement \u00e9gale : reportages soign\u00e9s, approfondis, clairs, large recours aux t\u00e9moignages des avocats, policiers, juges, familles des victimes et des accus\u00e9s&#8230; Pour raconter les cavales de Fran\u00e7ois Besse, par exemple, douze intervenants, parmi lesquels sa s\u0153ur, un ancien otage, un procureur, l&#8217;ancienne compagne de Mesrine et l&#8217;in\u00e9vitable commissaire Broussard. Le tout est impeccable.<\/p>\n<p>Mais \u00ab Faites entrer l&#8217;accus\u00e9 \u00bb, c&#8217;est d&#8217;abord un style, une atmosph\u00e8re. Souvent exag\u00e9r\u00e9e, \u00e0 la limite du grotesque, la mise en sc\u00e8ne du pr\u00e9sentateur est le premier spectacle offert au public.<\/p>\n<p>Voici Christophe Hondelatte, ex de France Inter pass\u00e9 sur RTL : manteau de cuir, pantalon sombre, regard clair. Deri\u00e8re lui un bureau, plong\u00e9 dans une lumi\u00e8re tamis\u00e9e, contre un mur tapiss\u00e9 de photos, d&#8217;articles, de cartes. Ici une table, un canap\u00e9 : Hondelatte y interroge avocats, familles, juges et experts. Puis il se d\u00e9place. De nuit, surtout, ou au cr\u00e9puscule : la v\u00e9rit\u00e9 est myst\u00e9rieuse, c&#8217;est souvent \u00e0 l&#8217;aube que le voile se d\u00e9chire. On le voit traverser Paris ou sa banlieue en voiture, l&#8217;\u0153il fronc\u00e9, le sourcil interrogateur : c&#8217;est qu&#8217;il cherche \u00e0 comprendre. Alors il va voir un coll\u00e8gue, un journaliste (Dominique Rizet), au bord de la Seine. On h\u00e9site entre le Quai des Orf\u00e8vres et la sc\u00e8ne finale de Compartiments tueurs o\u00f9 Jean-Louis Trintignant se tue pour ne pas \u00eatre arr\u00eat\u00e9 par Yves Montand. Quoi qu&#8217;il en soit, on trouve Hondelatte impliqu\u00e9, pr\u00e9occup\u00e9, plein de nuances et d&#8217;interrogations. Est-il enqu\u00eateur, flic, redresseur de torts ? On pense \u00e0 James Ellroy, aux polars de Patrick Raynal. Mais nous ne sommes pas dans les quartiers borgnes de Los Angeles ou de Nice. Nous sommes sur France 2, et on pressent que l&#8217;eau min\u00e9rale a remplac\u00e9 le whisky de contrebande. Hondelatte n&#8217;est pas un priv\u00e9, simplement un pr\u00e9sentateur qui fait un peu de cin\u00e9ma.<\/p>\n<p>On le retrouve d&#8217;ailleurs, un instant apr\u00e8s, au bar, sans consommation, interviewant l&#8217;un des policiers concern\u00e9s par l&#8217;affaire suivie, sous une photo d&#8217;un Antoine Blondin \u00e0 jamais ironique et d\u00e9sabus\u00e9&#8230;<\/p>\n<p>Alors, Hondelatte, flic ou journaliste ? Est-il Rouletabille, r\u00eavant de devancer la police en trouvant le premier la clef du myst\u00e8re ? Est-il Maigret, chapeau mou et pipe au bec, descendant l&#8217;escalier du 36 ? Son personnage emprunte \u00e0 l&#8217;un et \u00e0 l&#8217;autre, sans atteindre une composition id\u00e9ale. Et, malgr\u00e9 ses efforts, il s&#8217;efface irr\u00e9sistiblement derri\u00e8re les sujets qu&#8217;il pr\u00e9sente.<\/p>\n<p>Il a cependant un grand m\u00e9rite : nomm\u00e9 au \u00ab 13 heures \u00bb de France 2 \u00e0 la rentr\u00e9e, il va permettre aux fid\u00e8les du service public de prendre enfin cong\u00e9 de Daniel Bilalian.<\/p>\n<p>Le crime ne paie pas. Il fait monter l&#8217;audimat et valser les vanit\u00e9s.  <\/p>\n<p>Fr\u00e9d\u00e9ric Sire<\/p>\n","protected":false},"excerpt":{"rendered":"<p>Vous \u00eates-vous passionn\u00e9 pour l&#8217;affaire Gr\u00e9gory ? Avez-vous frissonn\u00e9 au r\u00e9cit des crimes de Marc Dutroux ? Br\u00fblez-vous de revoir la randonn\u00e9e meurtri\u00e8re de Florence Rey et d&#8217;Audry Maupin ? Alors \u00ab Faites entrer l&#8217;accus\u00e9 \u00bb est pour vous. Il y a eu les Histoires de Tacite, les Contes de Perrault, les Fables de La [&hellip;]<\/p>\n","protected":false},"author":1,"featured_media":0,"comment_status":"open","ping_status":"open","sticky":false,"template":"","format":"standard","meta":{"_themeisle_gutenberg_block_has_review":false,"footnotes":""},"categories":[141],"tags":[287],"class_list":["post-3378","post","type-post","status-publish","format-standard","hentry","category-archives-web","tag-medias"],"_links":{"self":[{"href":"https:\/\/archives.regards.fr\/index.php?rest_route=\/wp\/v2\/posts\/3378","targetHints":{"allow":["GET"]}}],"collection":[{"href":"https:\/\/archives.regards.fr\/index.php?rest_route=\/wp\/v2\/posts"}],"about":[{"href":"https:\/\/archives.regards.fr\/index.php?rest_route=\/wp\/v2\/types\/post"}],"author":[{"embeddable":true,"href":"https:\/\/archives.regards.fr\/index.php?rest_route=\/wp\/v2\/users\/1"}],"replies":[{"embeddable":true,"href":"https:\/\/archives.regards.fr\/index.php?rest_route=%2Fwp%2Fv2%2Fcomments&post=3378"}],"version-history":[{"count":0,"href":"https:\/\/archives.regards.fr\/index.php?rest_route=\/wp\/v2\/posts\/3378\/revisions"}],"wp:attachment":[{"href":"https:\/\/archives.regards.fr\/index.php?rest_route=%2Fwp%2Fv2%2Fmedia&parent=3378"}],"wp:term":[{"taxonomy":"category","embeddable":true,"href":"https:\/\/archives.regards.fr\/index.php?rest_route=%2Fwp%2Fv2%2Fcategories&post=3378"},{"taxonomy":"post_tag","embeddable":true,"href":"https:\/\/archives.regards.fr\/index.php?rest_route=%2Fwp%2Fv2%2Ftags&post=3378"}],"curies":[{"name":"wp","href":"https:\/\/api.w.org\/{rel}","templated":true}]}}