{"id":33779,"date":"2020-11-19T11:30:24","date_gmt":"2020-11-19T10:30:24","guid":{"rendered":"https:\/\/wp.muchomaas.com\/breve-gerald-darmanin-705\/"},"modified":"2020-11-19T11:30:24","modified_gmt":"2020-11-19T10:30:24","slug":"breve-gerald-darmanin-705","status":"publish","type":"post","link":"https:\/\/archives.regards.fr\/?p=33779","title":{"rendered":"G\u00e9rald Darmanin"},"content":{"rendered":"<p><em>\u00ab Si des journalistes couvrent des manifestations, ils doivent se rapprocher des autorit\u00e9s, en l&#8217;occurrence le pr\u00e9fet du d\u00e9partement, pour se signaler, pour \u00eatre prot\u00e9g\u00e9s par les forces de l&#8217;ordre. \u00bb<\/em> (18\/11\/2020, AFP)<\/p>\n","protected":false},"excerpt":{"rendered":"<p>\u00ab Si des journalistes couvrent des manifestations, ils doivent se rapprocher des autorit\u00e9s, en l&#8217;occurrence le pr\u00e9fet du d\u00e9partement, pour se signaler, pour \u00eatre prot\u00e9g\u00e9s par les forces de l&#8217;ordre. \u00bb (18\/11\/2020, AFP)<\/p>\n","protected":false},"author":1,"featured_media":0,"comment_status":"open","ping_status":"open","sticky":false,"template":"","format":"standard","meta":{"_themeisle_gutenberg_block_has_review":false,"footnotes":""},"categories":[284],"tags":[],"class_list":["post-33779","post","type-post","status-publish","format-standard","hentry","category-declarama-breves"],"_links":{"self":[{"href":"https:\/\/archives.regards.fr\/index.php?rest_route=\/wp\/v2\/posts\/33779","targetHints":{"allow":["GET"]}}],"collection":[{"href":"https:\/\/archives.regards.fr\/index.php?rest_route=\/wp\/v2\/posts"}],"about":[{"href":"https:\/\/archives.regards.fr\/index.php?rest_route=\/wp\/v2\/types\/post"}],"author":[{"embeddable":true,"href":"https:\/\/archives.regards.fr\/index.php?rest_route=\/wp\/v2\/users\/1"}],"replies":[{"embeddable":true,"href":"https:\/\/archives.regards.fr\/index.php?rest_route=%2Fwp%2Fv2%2Fcomments&post=33779"}],"version-history":[{"count":0,"href":"https:\/\/archives.regards.fr\/index.php?rest_route=\/wp\/v2\/posts\/33779\/revisions"}],"wp:attachment":[{"href":"https:\/\/archives.regards.fr\/index.php?rest_route=%2Fwp%2Fv2%2Fmedia&parent=33779"}],"wp:term":[{"taxonomy":"category","embeddable":true,"href":"https:\/\/archives.regards.fr\/index.php?rest_route=%2Fwp%2Fv2%2Fcategories&post=33779"},{"taxonomy":"post_tag","embeddable":true,"href":"https:\/\/archives.regards.fr\/index.php?rest_route=%2Fwp%2Fv2%2Ftags&post=33779"}],"curies":[{"name":"wp","href":"https:\/\/api.w.org\/{rel}","templated":true}]}}